{"id":44786,"date":"2026-04-28T17:15:04","date_gmt":"2026-04-28T15:15:04","guid":{"rendered":"https:\/\/www.sgb-fss.ch\/?p=44786"},"modified":"2026-04-28T17:15:07","modified_gmt":"2026-04-28T15:15:07","slug":"perdita-uditiva-e-nuovo-inizio-una-storia-personale","status":"publish","type":"post","link":"https:\/\/www.sgb-fss.ch\/it\/aktuell\/perdita-uditiva-e-nuovo-inizio-una-storia-personale\/","title":{"rendered":"Perdita uditiva e nuovo inizio: una storia personale"},"content":{"rendered":"\n<p class=\"is-style-lead\">M\u00e9lanie Augsburger, originaria di Neuch\u00e2tel, vive a Dombresson e ha un percorso ispirante legato alla perdita uditiva. All\u2019et\u00e0 di 20 anni le \u00e8 stata diagnosticata una perdita uditiva bilaterale del 50%, che \u00e8 progredita nel corso degli anni. Per molto tempo ha vissuto con vergogna e ansia di fronte a questa condizione, continuando per\u00f2 la sua vita quotidiana e professionale con grande impegno. Dopo una sordit\u00e0 totale e due impianti cocleari, oggi si trova in un intenso processo di riapprendimento dei suoni e del linguaggio. Attraverso il suo libro <em>\u00abLa mia sordit\u00e0\u2026 benvenuti nel mio mondo\u00bb<\/em>, desidera sensibilizzare sulle sfide di una disabilit\u00e0 invisibile e favorire una maggiore comprensione.<\/p>\n\n\n\n<p>Nell\u2019intervista seguente, M\u00e9lanie Augsburger racconta il suo percorso personale, le sfide della vita quotidiana e la sua esperienza con gli impianti cocleari.<\/p>\n\n\n\n<figure class=\"wp-block-image size-large\"><img loading=\"lazy\" decoding=\"async\" width=\"1024\" height=\"1025\" src=\"https:\/\/www.sgb-fss.ch\/content\/uploads\/\/interview_melanie_2-1024x1025.jpg\" alt=\"\" class=\"wp-image-44717\" srcset=\"https:\/\/www.sgb-fss.ch\/content\/uploads\/interview_melanie_2-1024x1025.jpg 1024w, https:\/\/www.sgb-fss.ch\/content\/uploads\/interview_melanie_2-300x300.jpg 300w, https:\/\/www.sgb-fss.ch\/content\/uploads\/interview_melanie_2-150x150.jpg 150w, https:\/\/www.sgb-fss.ch\/content\/uploads\/interview_melanie_2-768x769.jpg 768w, https:\/\/www.sgb-fss.ch\/content\/uploads\/interview_melanie_2-1536x1536.jpg 1536w, https:\/\/www.sgb-fss.ch\/content\/uploads\/interview_melanie_2-2046x2048.jpg 2046w, https:\/\/www.sgb-fss.ch\/content\/uploads\/interview_melanie_2-100x100.jpg 100w\" sizes=\"auto, (max-width: 1024px) 100vw, 1024px\" \/><\/figure>\n\n\n\n<p><strong>Ha scritto un libro sulla sua esperienza come persona sorda \u2013 cosa l\u2019ha motivata?<\/strong><br>Quando sono diventata completamente sorda, mi sono sentita ispirata a sensibilizzare il mondo su questa disabilit\u00e0 invisibile, di cui le persone udenti non sempre comprendono la complessit\u00e0.<\/p>\n\n\n\n<p><strong>In concreto, come ha influenzato la sua vita quotidiana la perdita uditiva?<\/strong><br>Poco a poco mi sono isolata dal mondo, evito le persone e gli ambienti rumorosi e affollati. La paura di non sentire e di non capire mi provoca molta ansia.<\/p>\n\n\n\n<p><strong>Quali situazioni o ostacoli sono stati i pi\u00f9 difficili per lei?<\/strong><br>Penso che il peggio sia iniziato con il COVID. Lavoro in un negozio, alla reception, a contatto continuo con i clienti. Mascherine e plexiglass erano ovunque: per me \u00e8 stata una vera discesa agli inferi. In quel periodo la mia perdita uditiva era gi\u00e0 molto grave e i miei apparecchi non erano pi\u00f9 adatti. Anche a casa, con i miei figli e il mio compagno, la situazione era molto difficile e ho iniziato a sentirmi estremamente stanca.<\/p>\n\n\n\n<p><strong>Come comunica oggi e cosa la aiuta di pi\u00f9?<\/strong><br>Oggi ho impianti cocleari bilaterali, l\u2019operazione \u00e8 stata un successo completo. Ho i migliori risultati in Svizzera, ben al di sopra della media. Tuttavia continuo a usare la lettura labiale, che mi aiuta molto nelle conversazioni di gruppo e negli ambienti rumorosi.<\/p>\n\n\n\n<p><strong>Che tipo di contatti ha con persone sorde?<\/strong><br>Da quando ho scritto il mio libro, ho sempre pi\u00f9 contatti con persone deboli d&#8217;udito e sorde. Mi fa molto bene sentirmi compresa e sostenuta da persone \u00abcome me\u00bb, per cos\u00ec dire.<\/p>\n\n\n\n<p><strong>Pu\u00f2 immaginare di imparare la lingua dei segni?<\/strong><br>Per ora comunico abbastanza bene con i miei impianti e nessuno nel mio ambiente usa la lingua dei segni. Se fosse necessario, la imparerei senza esitazione e la farei imparare anche alle persone intorno a me.<\/p>\n\n\n\n<p><strong>Quale messaggio desidera trasmettere ad altre persone attraverso la sua storia?<\/strong><br>Nonostante i miei ottimi risultati, sono mentalmente estremamente stanca. Vorrei sensibilizzare il maggior numero possibile di persone su questa disabilit\u00e0 poco conosciuta e invisibile, perch\u00e9 spesso non si comprende tutta la complessit\u00e0 del problema. Penso che nel mio libro sia descritto molto bene tutto ci\u00f2 che riguarda la sordit\u00e0.<\/p>\n","protected":false},"excerpt":{"rendered":"<p>M\u00e9lanie Augsburger, originaria di Neuch\u00e2tel, vive a Dombresson e ha un percorso ispirante legato [&hellip;]<\/p>\n","protected":false},"author":81,"featured_media":0,"comment_status":"closed","ping_status":"closed","sticky":false,"template":"","format":"standard","meta":{"_acf_changed":false,"inline_featured_image":false,"footnotes":""},"categories":[181],"tags":[],"topic":[],"class_list":["post-44786","post","type-post","status-publish","format-standard","hentry","category-news-it"],"acf":[],"yoast_head":"<!-- This site is optimized with the Yoast SEO plugin v27.4 - https:\/\/yoast.com\/product\/yoast-seo-wordpress\/ -->\n<title>Perdita uditiva e nuovo inizio: una storia personale - SGB-FSS<\/title>\n<meta name=\"robots\" content=\"index, follow, max-snippet:-1, max-image-preview:large, max-video-preview:-1\" \/>\n<link rel=\"canonical\" href=\"https:\/\/www.sgb-fss.ch\/it\/aktuell\/perdita-uditiva-e-nuovo-inizio-una-storia-personale\/\" \/>\n<meta property=\"og:locale\" content=\"it_IT\" \/>\n<meta property=\"og:type\" content=\"article\" \/>\n<meta property=\"og:title\" content=\"Perdita uditiva e nuovo inizio: una storia personale - SGB-FSS\" \/>\n<meta property=\"og:description\" content=\"M\u00e9lanie Augsburger, originaria di Neuch\u00e2tel, vive a Dombresson e ha un percorso ispirante legato [&hellip;]\" \/>\n<meta property=\"og:url\" content=\"https:\/\/www.sgb-fss.ch\/it\/aktuell\/perdita-uditiva-e-nuovo-inizio-una-storia-personale\/\" \/>\n<meta property=\"og:site_name\" content=\"SGB-FSS\" \/>\n<meta property=\"article:published_time\" content=\"2026-04-28T15:15:04+00:00\" \/>\n<meta property=\"article:modified_time\" content=\"2026-04-28T15:15:07+00:00\" \/>\n<meta property=\"og:image\" content=\"https:\/\/www.sgb-fss.ch\/content\/uploads\/interview_melanie_2.jpg\" \/>\n\t<meta property=\"og:image:width\" content=\"2544\" \/>\n\t<meta property=\"og:image:height\" content=\"2546\" \/>\n\t<meta property=\"og:image:type\" content=\"image\/jpeg\" \/>\n<meta name=\"author\" content=\"Yannick Schefer\" \/>\n<meta name=\"twitter:card\" content=\"summary_large_image\" \/>\n<meta name=\"twitter:label1\" content=\"Scritto da\" \/>\n\t<meta name=\"twitter:data1\" content=\"Yannick Schefer\" \/>\n\t<meta name=\"twitter:label2\" content=\"Tempo di lettura stimato\" \/>\n\t<meta name=\"twitter:data2\" content=\"3 minuti\" \/>\n<script type=\"application\/ld+json\" class=\"yoast-schema-graph\">{\"@context\":\"https:\\\/\\\/schema.org\",\"@graph\":[{\"@type\":\"Article\",\"@id\":\"https:\\\/\\\/www.sgb-fss.ch\\\/it\\\/aktuell\\\/perdita-uditiva-e-nuovo-inizio-una-storia-personale\\\/#article\",\"isPartOf\":{\"@id\":\"https:\\\/\\\/www.sgb-fss.ch\\\/it\\\/aktuell\\\/perdita-uditiva-e-nuovo-inizio-una-storia-personale\\\/\"},\"author\":{\"name\":\"Yannick Schefer\",\"@id\":\"https:\\\/\\\/www.sgb-fss.ch\\\/de\\\/#\\\/schema\\\/person\\\/41f0a3396bf5447a8dffaa3ba698c7f6\"},\"headline\":\"Perdita uditiva e nuovo inizio: una storia personale\",\"datePublished\":\"2026-04-28T15:15:04+00:00\",\"dateModified\":\"2026-04-28T15:15:07+00:00\",\"mainEntityOfPage\":{\"@id\":\"https:\\\/\\\/www.sgb-fss.ch\\\/it\\\/aktuell\\\/perdita-uditiva-e-nuovo-inizio-una-storia-personale\\\/\"},\"wordCount\":506,\"image\":{\"@id\":\"https:\\\/\\\/www.sgb-fss.ch\\\/it\\\/aktuell\\\/perdita-uditiva-e-nuovo-inizio-una-storia-personale\\\/#primaryimage\"},\"thumbnailUrl\":\"https:\\\/\\\/www.sgb-fss.ch\\\/content\\\/uploads\\\/\\\/interview_melanie_2-1024x1025.jpg\",\"articleSection\":[\"News\"],\"inLanguage\":\"it-IT\"},{\"@type\":\"WebPage\",\"@id\":\"https:\\\/\\\/www.sgb-fss.ch\\\/it\\\/aktuell\\\/perdita-uditiva-e-nuovo-inizio-una-storia-personale\\\/\",\"url\":\"https:\\\/\\\/www.sgb-fss.ch\\\/it\\\/aktuell\\\/perdita-uditiva-e-nuovo-inizio-una-storia-personale\\\/\",\"name\":\"Perdita uditiva e nuovo inizio: una storia personale - SGB-FSS\",\"isPartOf\":{\"@id\":\"https:\\\/\\\/www.sgb-fss.ch\\\/de\\\/#website\"},\"primaryImageOfPage\":{\"@id\":\"https:\\\/\\\/www.sgb-fss.ch\\\/it\\\/aktuell\\\/perdita-uditiva-e-nuovo-inizio-una-storia-personale\\\/#primaryimage\"},\"image\":{\"@id\":\"https:\\\/\\\/www.sgb-fss.ch\\\/it\\\/aktuell\\\/perdita-uditiva-e-nuovo-inizio-una-storia-personale\\\/#primaryimage\"},\"thumbnailUrl\":\"https:\\\/\\\/www.sgb-fss.ch\\\/content\\\/uploads\\\/\\\/interview_melanie_2-1024x1025.jpg\",\"datePublished\":\"2026-04-28T15:15:04+00:00\",\"dateModified\":\"2026-04-28T15:15:07+00:00\",\"author\":{\"@id\":\"https:\\\/\\\/www.sgb-fss.ch\\\/de\\\/#\\\/schema\\\/person\\\/41f0a3396bf5447a8dffaa3ba698c7f6\"},\"breadcrumb\":{\"@id\":\"https:\\\/\\\/www.sgb-fss.ch\\\/it\\\/aktuell\\\/perdita-uditiva-e-nuovo-inizio-una-storia-personale\\\/#breadcrumb\"},\"inLanguage\":\"it-IT\",\"potentialAction\":[{\"@type\":\"ReadAction\",\"target\":[\"https:\\\/\\\/www.sgb-fss.ch\\\/it\\\/aktuell\\\/perdita-uditiva-e-nuovo-inizio-una-storia-personale\\\/\"]}]},{\"@type\":\"ImageObject\",\"inLanguage\":\"it-IT\",\"@id\":\"https:\\\/\\\/www.sgb-fss.ch\\\/it\\\/aktuell\\\/perdita-uditiva-e-nuovo-inizio-una-storia-personale\\\/#primaryimage\",\"url\":\"https:\\\/\\\/www.sgb-fss.ch\\\/content\\\/uploads\\\/\\\/interview_melanie_2-1024x1025.jpg\",\"contentUrl\":\"https:\\\/\\\/www.sgb-fss.ch\\\/content\\\/uploads\\\/\\\/interview_melanie_2-1024x1025.jpg\"},{\"@type\":\"BreadcrumbList\",\"@id\":\"https:\\\/\\\/www.sgb-fss.ch\\\/it\\\/aktuell\\\/perdita-uditiva-e-nuovo-inizio-una-storia-personale\\\/#breadcrumb\",\"itemListElement\":[{\"@type\":\"ListItem\",\"position\":1,\"name\":\"Home\",\"item\":\"https:\\\/\\\/www.sgb-fss.ch\\\/it\\\/\"},{\"@type\":\"ListItem\",\"position\":2,\"name\":\"Perdita uditiva e nuovo inizio: una storia personale\"}]},{\"@type\":\"WebSite\",\"@id\":\"https:\\\/\\\/www.sgb-fss.ch\\\/de\\\/#website\",\"url\":\"https:\\\/\\\/www.sgb-fss.ch\\\/de\\\/\",\"name\":\"SGB-FSS\",\"description\":\"\",\"potentialAction\":[{\"@type\":\"SearchAction\",\"target\":{\"@type\":\"EntryPoint\",\"urlTemplate\":\"https:\\\/\\\/www.sgb-fss.ch\\\/de\\\/?s={search_term_string}\"},\"query-input\":{\"@type\":\"PropertyValueSpecification\",\"valueRequired\":true,\"valueName\":\"search_term_string\"}}],\"inLanguage\":\"it-IT\"},{\"@type\":\"Person\",\"@id\":\"https:\\\/\\\/www.sgb-fss.ch\\\/de\\\/#\\\/schema\\\/person\\\/41f0a3396bf5447a8dffaa3ba698c7f6\",\"name\":\"Yannick Schefer\",\"image\":{\"@type\":\"ImageObject\",\"inLanguage\":\"it-IT\",\"@id\":\"https:\\\/\\\/secure.gravatar.com\\\/avatar\\\/81add681f024323bc5dea526ff388b5f894a42ada29dc99aab7013b781d2e2a2?s=96&d=mm&r=g\",\"url\":\"https:\\\/\\\/secure.gravatar.com\\\/avatar\\\/81add681f024323bc5dea526ff388b5f894a42ada29dc99aab7013b781d2e2a2?s=96&d=mm&r=g\",\"contentUrl\":\"https:\\\/\\\/secure.gravatar.com\\\/avatar\\\/81add681f024323bc5dea526ff388b5f894a42ada29dc99aab7013b781d2e2a2?s=96&d=mm&r=g\",\"caption\":\"Yannick Schefer\"},\"url\":\"https:\\\/\\\/www.sgb-fss.ch\\\/it\\\/aktuell\\\/author\\\/yannik-schefer\\\/\"}]}<\/script>\n<!-- \/ Yoast SEO plugin. -->","yoast_head_json":{"title":"Perdita uditiva e nuovo inizio: una storia personale - SGB-FSS","robots":{"index":"index","follow":"follow","max-snippet":"max-snippet:-1","max-image-preview":"max-image-preview:large","max-video-preview":"max-video-preview:-1"},"canonical":"https:\/\/www.sgb-fss.ch\/it\/aktuell\/perdita-uditiva-e-nuovo-inizio-una-storia-personale\/","og_locale":"it_IT","og_type":"article","og_title":"Perdita uditiva e nuovo inizio: una storia personale - SGB-FSS","og_description":"M\u00e9lanie Augsburger, originaria di Neuch\u00e2tel, vive a Dombresson e ha un percorso ispirante legato [&hellip;]","og_url":"https:\/\/www.sgb-fss.ch\/it\/aktuell\/perdita-uditiva-e-nuovo-inizio-una-storia-personale\/","og_site_name":"SGB-FSS","article_published_time":"2026-04-28T15:15:04+00:00","article_modified_time":"2026-04-28T15:15:07+00:00","og_image":[{"width":2544,"height":2546,"url":"https:\/\/www.sgb-fss.ch\/content\/uploads\/interview_melanie_2.jpg","type":"image\/jpeg"}],"author":"Yannick Schefer","twitter_card":"summary_large_image","twitter_misc":{"Scritto da":"Yannick Schefer","Tempo di lettura stimato":"3 minuti"},"schema":{"@context":"https:\/\/schema.org","@graph":[{"@type":"Article","@id":"https:\/\/www.sgb-fss.ch\/it\/aktuell\/perdita-uditiva-e-nuovo-inizio-una-storia-personale\/#article","isPartOf":{"@id":"https:\/\/www.sgb-fss.ch\/it\/aktuell\/perdita-uditiva-e-nuovo-inizio-una-storia-personale\/"},"author":{"name":"Yannick Schefer","@id":"https:\/\/www.sgb-fss.ch\/de\/#\/schema\/person\/41f0a3396bf5447a8dffaa3ba698c7f6"},"headline":"Perdita uditiva e nuovo inizio: una storia personale","datePublished":"2026-04-28T15:15:04+00:00","dateModified":"2026-04-28T15:15:07+00:00","mainEntityOfPage":{"@id":"https:\/\/www.sgb-fss.ch\/it\/aktuell\/perdita-uditiva-e-nuovo-inizio-una-storia-personale\/"},"wordCount":506,"image":{"@id":"https:\/\/www.sgb-fss.ch\/it\/aktuell\/perdita-uditiva-e-nuovo-inizio-una-storia-personale\/#primaryimage"},"thumbnailUrl":"https:\/\/www.sgb-fss.ch\/content\/uploads\/\/interview_melanie_2-1024x1025.jpg","articleSection":["News"],"inLanguage":"it-IT"},{"@type":"WebPage","@id":"https:\/\/www.sgb-fss.ch\/it\/aktuell\/perdita-uditiva-e-nuovo-inizio-una-storia-personale\/","url":"https:\/\/www.sgb-fss.ch\/it\/aktuell\/perdita-uditiva-e-nuovo-inizio-una-storia-personale\/","name":"Perdita uditiva e nuovo inizio: una storia personale - SGB-FSS","isPartOf":{"@id":"https:\/\/www.sgb-fss.ch\/de\/#website"},"primaryImageOfPage":{"@id":"https:\/\/www.sgb-fss.ch\/it\/aktuell\/perdita-uditiva-e-nuovo-inizio-una-storia-personale\/#primaryimage"},"image":{"@id":"https:\/\/www.sgb-fss.ch\/it\/aktuell\/perdita-uditiva-e-nuovo-inizio-una-storia-personale\/#primaryimage"},"thumbnailUrl":"https:\/\/www.sgb-fss.ch\/content\/uploads\/\/interview_melanie_2-1024x1025.jpg","datePublished":"2026-04-28T15:15:04+00:00","dateModified":"2026-04-28T15:15:07+00:00","author":{"@id":"https:\/\/www.sgb-fss.ch\/de\/#\/schema\/person\/41f0a3396bf5447a8dffaa3ba698c7f6"},"breadcrumb":{"@id":"https:\/\/www.sgb-fss.ch\/it\/aktuell\/perdita-uditiva-e-nuovo-inizio-una-storia-personale\/#breadcrumb"},"inLanguage":"it-IT","potentialAction":[{"@type":"ReadAction","target":["https:\/\/www.sgb-fss.ch\/it\/aktuell\/perdita-uditiva-e-nuovo-inizio-una-storia-personale\/"]}]},{"@type":"ImageObject","inLanguage":"it-IT","@id":"https:\/\/www.sgb-fss.ch\/it\/aktuell\/perdita-uditiva-e-nuovo-inizio-una-storia-personale\/#primaryimage","url":"https:\/\/www.sgb-fss.ch\/content\/uploads\/\/interview_melanie_2-1024x1025.jpg","contentUrl":"https:\/\/www.sgb-fss.ch\/content\/uploads\/\/interview_melanie_2-1024x1025.jpg"},{"@type":"BreadcrumbList","@id":"https:\/\/www.sgb-fss.ch\/it\/aktuell\/perdita-uditiva-e-nuovo-inizio-una-storia-personale\/#breadcrumb","itemListElement":[{"@type":"ListItem","position":1,"name":"Home","item":"https:\/\/www.sgb-fss.ch\/it\/"},{"@type":"ListItem","position":2,"name":"Perdita uditiva e nuovo inizio: una storia personale"}]},{"@type":"WebSite","@id":"https:\/\/www.sgb-fss.ch\/de\/#website","url":"https:\/\/www.sgb-fss.ch\/de\/","name":"SGB-FSS","description":"","potentialAction":[{"@type":"SearchAction","target":{"@type":"EntryPoint","urlTemplate":"https:\/\/www.sgb-fss.ch\/de\/?s={search_term_string}"},"query-input":{"@type":"PropertyValueSpecification","valueRequired":true,"valueName":"search_term_string"}}],"inLanguage":"it-IT"},{"@type":"Person","@id":"https:\/\/www.sgb-fss.ch\/de\/#\/schema\/person\/41f0a3396bf5447a8dffaa3ba698c7f6","name":"Yannick Schefer","image":{"@type":"ImageObject","inLanguage":"it-IT","@id":"https:\/\/secure.gravatar.com\/avatar\/81add681f024323bc5dea526ff388b5f894a42ada29dc99aab7013b781d2e2a2?s=96&d=mm&r=g","url":"https:\/\/secure.gravatar.com\/avatar\/81add681f024323bc5dea526ff388b5f894a42ada29dc99aab7013b781d2e2a2?s=96&d=mm&r=g","contentUrl":"https:\/\/secure.gravatar.com\/avatar\/81add681f024323bc5dea526ff388b5f894a42ada29dc99aab7013b781d2e2a2?s=96&d=mm&r=g","caption":"Yannick Schefer"},"url":"https:\/\/www.sgb-fss.ch\/it\/aktuell\/author\/yannik-schefer\/"}]}},"_links":{"self":[{"href":"https:\/\/www.sgb-fss.ch\/it\/wp-json\/wp\/v2\/posts\/44786","targetHints":{"allow":["GET"]}}],"collection":[{"href":"https:\/\/www.sgb-fss.ch\/it\/wp-json\/wp\/v2\/posts"}],"about":[{"href":"https:\/\/www.sgb-fss.ch\/it\/wp-json\/wp\/v2\/types\/post"}],"author":[{"embeddable":true,"href":"https:\/\/www.sgb-fss.ch\/it\/wp-json\/wp\/v2\/users\/81"}],"replies":[{"embeddable":true,"href":"https:\/\/www.sgb-fss.ch\/it\/wp-json\/wp\/v2\/comments?post=44786"}],"version-history":[{"count":1,"href":"https:\/\/www.sgb-fss.ch\/it\/wp-json\/wp\/v2\/posts\/44786\/revisions"}],"predecessor-version":[{"id":44797,"href":"https:\/\/www.sgb-fss.ch\/it\/wp-json\/wp\/v2\/posts\/44786\/revisions\/44797"}],"wp:attachment":[{"href":"https:\/\/www.sgb-fss.ch\/it\/wp-json\/wp\/v2\/media?parent=44786"}],"wp:term":[{"taxonomy":"category","embeddable":true,"href":"https:\/\/www.sgb-fss.ch\/it\/wp-json\/wp\/v2\/categories?post=44786"},{"taxonomy":"post_tag","embeddable":true,"href":"https:\/\/www.sgb-fss.ch\/it\/wp-json\/wp\/v2\/tags?post=44786"},{"taxonomy":"topic","embeddable":true,"href":"https:\/\/www.sgb-fss.ch\/it\/wp-json\/wp\/v2\/topic?post=44786"}],"curies":[{"name":"wp","href":"https:\/\/api.w.org\/{rel}","templated":true}]}}