{"id":44720,"date":"2026-04-28T15:39:42","date_gmt":"2026-04-28T13:39:42","guid":{"rendered":"https:\/\/www.sgb-fss.ch\/?p=44720"},"modified":"2026-04-28T15:39:46","modified_gmt":"2026-04-28T13:39:46","slug":"perte-auditive-et-nouveau-depart-une-histoire-personnelle","status":"publish","type":"post","link":"https:\/\/www.sgb-fss.ch\/fr\/aktuell\/perte-auditive-et-nouveau-depart-une-histoire-personnelle\/","title":{"rendered":"Perte auditive et nouveau d\u00e9part : une histoire personnelle"},"content":{"rendered":"\n<p class=\"is-style-lead\">M\u00e9lanie Augsburger, originaire de Neuch\u00e2tel, vit \u00e0 Dombresson. Elle a un parcours inspirant en lien avec sa perte auditive. A l\u2019\u00e2ge de 20 ans, une perte de 50% bilat\u00e9rale est diagnostiqu\u00e9e, \u00e9voluant progressivement au fil des ann\u00e9es. Pendant longtemps elle vit de honte et d\u2019angoisse face \u00e0 cette perte, poursuivant son quotidien et sa vie professionnelle avec beaucoup d\u2019engagement. Apr\u00e8s une surdit\u00e9 totale et 2 implants cochl\u00e9aires, elle se trouve aujourd\u2019hui dans un processus intense de r\u00e9apprentissage du son et du langage. A travers son livre \u2039 Ma surdit\u00e9\u2026 bienvenue dans mon monde \u203a, elle souhaite sensibiliser aux d\u00e9fis d\u2019un handicap invisible et encourager une meilleure compr\u00e9hension.<\/p>\n\n\n\n<p>Dans l\u2019interview suivante, M\u00e9lanie Augsburger raconte son parcours personnel, les d\u00e9fis de son quotidien et sa vie avec des implants cochl\u00e9aires.<\/p>\n\n\n\n<figure class=\"wp-block-image size-large\"><img loading=\"lazy\" decoding=\"async\" width=\"1024\" height=\"1025\" src=\"https:\/\/www.sgb-fss.ch\/content\/uploads\/\/interview_melanie_2-1024x1025.jpg\" alt=\"\" class=\"wp-image-44715\" srcset=\"https:\/\/www.sgb-fss.ch\/content\/uploads\/interview_melanie_2-1024x1025.jpg 1024w, https:\/\/www.sgb-fss.ch\/content\/uploads\/interview_melanie_2-300x300.jpg 300w, https:\/\/www.sgb-fss.ch\/content\/uploads\/interview_melanie_2-150x150.jpg 150w, https:\/\/www.sgb-fss.ch\/content\/uploads\/interview_melanie_2-768x769.jpg 768w, https:\/\/www.sgb-fss.ch\/content\/uploads\/interview_melanie_2-1536x1536.jpg 1536w, https:\/\/www.sgb-fss.ch\/content\/uploads\/interview_melanie_2-2046x2048.jpg 2046w, https:\/\/www.sgb-fss.ch\/content\/uploads\/interview_melanie_2-100x100.jpg 100w\" sizes=\"auto, (max-width: 1024px) 100vw, 1024px\" \/><\/figure>\n\n\n\n<p><strong>Vous avez \u00e9crit un livre sur votre exp\u00e9rience en tant que personne sourde \u2013 qu\u2019est-ce qui vous a motiv\u00e9e ?<\/strong><\/p>\n\n\n\n<p>Au moment o\u00f9 je suis devenue sourde totale, je me suis sentie inspir\u00e9e \u00e0 sensibiliser le monde \u00e0 ce handicap invisible, que les entendants ne se rendent pas toujours compte de la complexit\u00e9 d\u2019\u00eatre malentendant.<\/p>\n\n\n\n<p><strong>Concr\u00e8tement, comment votre perte auditive a-t-elle influenc\u00e9 votre vie quotidienne ?<\/strong><\/p>\n\n\n\n<p>Petit \u00e0 petit je me suis coup\u00e9 du monde, j\u2019\u00e9vite les gens, les milieux bruyants qui grouillent de personnes, la peur de ne pas entendre et comprendre m\u2019angoisse fortement.<\/p>\n\n\n\n<p><strong>Quelles situations ou obstacles ont \u00e9t\u00e9 les plus difficiles pour vous ?<\/strong><\/p>\n\n\n\n<p>Je pense que le pire pour moi a commenc\u00e9 avec le COVID, je travaille dans un magasin, \u00e0 l\u2019accueil, en interaction non-stop avec les clients. Les masques et les plexiglas fleurissaient de partout, cela a commenc\u00e9 une descente aux enfers pour moi. A ce moment, j\u2019avais \u00e9galement une perte auditive \u00e9normes et mes appareils n\u2019\u00e9taient plus adapt\u00e9s. Le soir, \u00e0 la maison avec mes enfants et mon conjoint, c\u2019\u00e9taient tr\u00e8s difficiles, j\u2019ai commenc\u00e9 \u00e0 vraiment \u00eatre \u00e9puis\u00e9e.<\/p>\n\n\n\n<p><strong>Comment communiquez-vous aujourd\u2019hui et qu\u2019est-ce qui vous a le plus aid\u00e9 ?<\/strong><\/p>\n\n\n\n<p>A ce jour, j\u2019ai \u00e9t\u00e9 op\u00e9r\u00e9e bilat\u00e9rale d\u2019implants cochl\u00e9aires, cela a \u00e9t\u00e9 une parfaite r\u00e9ussite. J\u2019ai les meilleurs r\u00e9sultats de Suisse, je suis largement au-dessus de la moyenne. Pourtant, je garde toujours la lecture labiale, cela m\u2019aide \u00e9norm\u00e9ment dans les discussions \u00e0 plusieurs et les milieux bruyants.<\/p>\n\n\n\n<p><strong>Quels types de contact entretenez-vous avec les personnes sourdes ?<\/strong><\/p>\n\n\n\n<p>Depuis que j\u2019ai \u00e9crit mon livre, j\u2019ai de plus en plus de contact avec des personnes malentendantes et sourde, et cela me fait \u00e9norm\u00e9ment de bien d\u2019\u00eatre comprise et soutenue avec des personnes \u00ab comme moi \u00bb si on peut dire !<\/p>\n\n\n\n<p><strong>Pouvez-vous envisager d\u2019apprendre la langue des signes ?<\/strong><\/p>\n\n\n\n<p>Pour l\u2019instant je communique assez bien avec mes implants et aucun de mon entourage communique la langue de signes. Si je le devais, je l\u2019apprendrais sans h\u00e9siter et le ferais apprendre \u00e0 mon entourage.<\/p>\n\n\n\n<p><strong>Quel message aimeriez-vous transmettre \u00e0 d\u2019autres personnes \u00e0 travers votre histoire ?<\/strong><\/p>\n\n\n\n<p>Malgr\u00e9 mes tr\u00e8s bons r\u00e9sultats, je reste extr\u00eamement \u00e9puis\u00e9e mentalement. Je souhaite vraiment sensibiliser la plus large population \u00e0 ce handicap qui est peu \u00e9voqu\u00e9 et \u00e9tant donn\u00e9 qu\u2019il est invisible, les gens ne comprennent pas forc\u00e9ment toute la complexit\u00e9 du probl\u00e8me et je pense que dans mon livre, c\u2019est assez bien d\u00e9crit tout ce qui englobe la surdit\u00e9.<\/p>\n\n\n\n<p><\/p>\n","protected":false},"excerpt":{"rendered":"<p>M\u00e9lanie Augsburger, originaire de Neuch\u00e2tel, vit \u00e0 Dombresson. Elle a un parcours inspirant en [&hellip;]<\/p>\n","protected":false},"author":81,"featured_media":0,"comment_status":"closed","ping_status":"closed","sticky":false,"template":"","format":"standard","meta":{"_acf_changed":false,"inline_featured_image":false,"footnotes":""},"categories":[2],"tags":[],"topic":[],"class_list":["post-44720","post","type-post","status-publish","format-standard","hentry","category-news"],"acf":[],"yoast_head":"<!-- This site is optimized with the Yoast SEO plugin v27.4 - https:\/\/yoast.com\/product\/yoast-seo-wordpress\/ -->\n<title>Perte auditive et nouveau d\u00e9part : une histoire personnelle - SGB-FSS<\/title>\n<meta name=\"robots\" content=\"index, follow, max-snippet:-1, max-image-preview:large, max-video-preview:-1\" \/>\n<link rel=\"canonical\" href=\"https:\/\/www.sgb-fss.ch\/fr\/aktuell\/perte-auditive-et-nouveau-depart-une-histoire-personnelle\/\" \/>\n<meta property=\"og:locale\" content=\"fr_FR\" \/>\n<meta property=\"og:type\" content=\"article\" \/>\n<meta property=\"og:title\" content=\"Perte auditive et nouveau d\u00e9part : une histoire personnelle - SGB-FSS\" \/>\n<meta property=\"og:description\" content=\"M\u00e9lanie Augsburger, originaire de Neuch\u00e2tel, vit \u00e0 Dombresson. Elle a un parcours inspirant en [&hellip;]\" \/>\n<meta property=\"og:url\" content=\"https:\/\/www.sgb-fss.ch\/fr\/aktuell\/perte-auditive-et-nouveau-depart-une-histoire-personnelle\/\" \/>\n<meta property=\"og:site_name\" content=\"SGB-FSS\" \/>\n<meta property=\"article:published_time\" content=\"2026-04-28T13:39:42+00:00\" \/>\n<meta property=\"article:modified_time\" content=\"2026-04-28T13:39:46+00:00\" \/>\n<meta property=\"og:image\" content=\"https:\/\/www.sgb-fss.ch\/content\/uploads\/interview_melanie_2.jpg\" \/>\n\t<meta property=\"og:image:width\" content=\"2544\" \/>\n\t<meta property=\"og:image:height\" content=\"2546\" \/>\n\t<meta property=\"og:image:type\" content=\"image\/jpeg\" \/>\n<meta name=\"author\" content=\"Yannick Schefer\" \/>\n<meta name=\"twitter:card\" content=\"summary_large_image\" \/>\n<meta name=\"twitter:label1\" content=\"\u00c9crit par\" \/>\n\t<meta name=\"twitter:data1\" content=\"Yannick Schefer\" \/>\n\t<meta name=\"twitter:label2\" content=\"Dur\u00e9e de lecture estim\u00e9e\" \/>\n\t<meta name=\"twitter:data2\" content=\"3 minutes\" \/>\n<script type=\"application\/ld+json\" class=\"yoast-schema-graph\">{\"@context\":\"https:\\\/\\\/schema.org\",\"@graph\":[{\"@type\":\"Article\",\"@id\":\"https:\\\/\\\/www.sgb-fss.ch\\\/fr\\\/aktuell\\\/perte-auditive-et-nouveau-depart-une-histoire-personnelle\\\/#article\",\"isPartOf\":{\"@id\":\"https:\\\/\\\/www.sgb-fss.ch\\\/fr\\\/aktuell\\\/perte-auditive-et-nouveau-depart-une-histoire-personnelle\\\/\"},\"author\":{\"name\":\"Yannick Schefer\",\"@id\":\"https:\\\/\\\/www.sgb-fss.ch\\\/de\\\/#\\\/schema\\\/person\\\/41f0a3396bf5447a8dffaa3ba698c7f6\"},\"headline\":\"Perte auditive et nouveau d\u00e9part : une histoire personnelle\",\"datePublished\":\"2026-04-28T13:39:42+00:00\",\"dateModified\":\"2026-04-28T13:39:46+00:00\",\"mainEntityOfPage\":{\"@id\":\"https:\\\/\\\/www.sgb-fss.ch\\\/fr\\\/aktuell\\\/perte-auditive-et-nouveau-depart-une-histoire-personnelle\\\/\"},\"wordCount\":582,\"image\":{\"@id\":\"https:\\\/\\\/www.sgb-fss.ch\\\/fr\\\/aktuell\\\/perte-auditive-et-nouveau-depart-une-histoire-personnelle\\\/#primaryimage\"},\"thumbnailUrl\":\"https:\\\/\\\/www.sgb-fss.ch\\\/content\\\/uploads\\\/\\\/interview_melanie_2-1024x1025.jpg\",\"articleSection\":[\"News\"],\"inLanguage\":\"fr-FR\"},{\"@type\":\"WebPage\",\"@id\":\"https:\\\/\\\/www.sgb-fss.ch\\\/fr\\\/aktuell\\\/perte-auditive-et-nouveau-depart-une-histoire-personnelle\\\/\",\"url\":\"https:\\\/\\\/www.sgb-fss.ch\\\/fr\\\/aktuell\\\/perte-auditive-et-nouveau-depart-une-histoire-personnelle\\\/\",\"name\":\"Perte auditive et nouveau d\u00e9part : une histoire personnelle - SGB-FSS\",\"isPartOf\":{\"@id\":\"https:\\\/\\\/www.sgb-fss.ch\\\/de\\\/#website\"},\"primaryImageOfPage\":{\"@id\":\"https:\\\/\\\/www.sgb-fss.ch\\\/fr\\\/aktuell\\\/perte-auditive-et-nouveau-depart-une-histoire-personnelle\\\/#primaryimage\"},\"image\":{\"@id\":\"https:\\\/\\\/www.sgb-fss.ch\\\/fr\\\/aktuell\\\/perte-auditive-et-nouveau-depart-une-histoire-personnelle\\\/#primaryimage\"},\"thumbnailUrl\":\"https:\\\/\\\/www.sgb-fss.ch\\\/content\\\/uploads\\\/\\\/interview_melanie_2-1024x1025.jpg\",\"datePublished\":\"2026-04-28T13:39:42+00:00\",\"dateModified\":\"2026-04-28T13:39:46+00:00\",\"author\":{\"@id\":\"https:\\\/\\\/www.sgb-fss.ch\\\/de\\\/#\\\/schema\\\/person\\\/41f0a3396bf5447a8dffaa3ba698c7f6\"},\"breadcrumb\":{\"@id\":\"https:\\\/\\\/www.sgb-fss.ch\\\/fr\\\/aktuell\\\/perte-auditive-et-nouveau-depart-une-histoire-personnelle\\\/#breadcrumb\"},\"inLanguage\":\"fr-FR\",\"potentialAction\":[{\"@type\":\"ReadAction\",\"target\":[\"https:\\\/\\\/www.sgb-fss.ch\\\/fr\\\/aktuell\\\/perte-auditive-et-nouveau-depart-une-histoire-personnelle\\\/\"]}]},{\"@type\":\"ImageObject\",\"inLanguage\":\"fr-FR\",\"@id\":\"https:\\\/\\\/www.sgb-fss.ch\\\/fr\\\/aktuell\\\/perte-auditive-et-nouveau-depart-une-histoire-personnelle\\\/#primaryimage\",\"url\":\"https:\\\/\\\/www.sgb-fss.ch\\\/content\\\/uploads\\\/\\\/interview_melanie_2-1024x1025.jpg\",\"contentUrl\":\"https:\\\/\\\/www.sgb-fss.ch\\\/content\\\/uploads\\\/\\\/interview_melanie_2-1024x1025.jpg\"},{\"@type\":\"BreadcrumbList\",\"@id\":\"https:\\\/\\\/www.sgb-fss.ch\\\/fr\\\/aktuell\\\/perte-auditive-et-nouveau-depart-une-histoire-personnelle\\\/#breadcrumb\",\"itemListElement\":[{\"@type\":\"ListItem\",\"position\":1,\"name\":\"Home\",\"item\":\"https:\\\/\\\/www.sgb-fss.ch\\\/fr\\\/\"},{\"@type\":\"ListItem\",\"position\":2,\"name\":\"Perte auditive et nouveau d\u00e9part : une histoire personnelle\"}]},{\"@type\":\"WebSite\",\"@id\":\"https:\\\/\\\/www.sgb-fss.ch\\\/de\\\/#website\",\"url\":\"https:\\\/\\\/www.sgb-fss.ch\\\/de\\\/\",\"name\":\"SGB-FSS\",\"description\":\"\",\"potentialAction\":[{\"@type\":\"SearchAction\",\"target\":{\"@type\":\"EntryPoint\",\"urlTemplate\":\"https:\\\/\\\/www.sgb-fss.ch\\\/de\\\/?s={search_term_string}\"},\"query-input\":{\"@type\":\"PropertyValueSpecification\",\"valueRequired\":true,\"valueName\":\"search_term_string\"}}],\"inLanguage\":\"fr-FR\"},{\"@type\":\"Person\",\"@id\":\"https:\\\/\\\/www.sgb-fss.ch\\\/de\\\/#\\\/schema\\\/person\\\/41f0a3396bf5447a8dffaa3ba698c7f6\",\"name\":\"Yannick Schefer\",\"image\":{\"@type\":\"ImageObject\",\"inLanguage\":\"fr-FR\",\"@id\":\"https:\\\/\\\/secure.gravatar.com\\\/avatar\\\/81add681f024323bc5dea526ff388b5f894a42ada29dc99aab7013b781d2e2a2?s=96&d=mm&r=g\",\"url\":\"https:\\\/\\\/secure.gravatar.com\\\/avatar\\\/81add681f024323bc5dea526ff388b5f894a42ada29dc99aab7013b781d2e2a2?s=96&d=mm&r=g\",\"contentUrl\":\"https:\\\/\\\/secure.gravatar.com\\\/avatar\\\/81add681f024323bc5dea526ff388b5f894a42ada29dc99aab7013b781d2e2a2?s=96&d=mm&r=g\",\"caption\":\"Yannick Schefer\"},\"url\":\"https:\\\/\\\/www.sgb-fss.ch\\\/fr\\\/aktuell\\\/author\\\/yannik-schefer\\\/\"}]}<\/script>\n<!-- \/ Yoast SEO plugin. -->","yoast_head_json":{"title":"Perte auditive et nouveau d\u00e9part : une histoire personnelle - SGB-FSS","robots":{"index":"index","follow":"follow","max-snippet":"max-snippet:-1","max-image-preview":"max-image-preview:large","max-video-preview":"max-video-preview:-1"},"canonical":"https:\/\/www.sgb-fss.ch\/fr\/aktuell\/perte-auditive-et-nouveau-depart-une-histoire-personnelle\/","og_locale":"fr_FR","og_type":"article","og_title":"Perte auditive et nouveau d\u00e9part : une histoire personnelle - SGB-FSS","og_description":"M\u00e9lanie Augsburger, originaire de Neuch\u00e2tel, vit \u00e0 Dombresson. Elle a un parcours inspirant en [&hellip;]","og_url":"https:\/\/www.sgb-fss.ch\/fr\/aktuell\/perte-auditive-et-nouveau-depart-une-histoire-personnelle\/","og_site_name":"SGB-FSS","article_published_time":"2026-04-28T13:39:42+00:00","article_modified_time":"2026-04-28T13:39:46+00:00","og_image":[{"width":2544,"height":2546,"url":"https:\/\/www.sgb-fss.ch\/content\/uploads\/interview_melanie_2.jpg","type":"image\/jpeg"}],"author":"Yannick Schefer","twitter_card":"summary_large_image","twitter_misc":{"\u00c9crit par":"Yannick Schefer","Dur\u00e9e de lecture estim\u00e9e":"3 minutes"},"schema":{"@context":"https:\/\/schema.org","@graph":[{"@type":"Article","@id":"https:\/\/www.sgb-fss.ch\/fr\/aktuell\/perte-auditive-et-nouveau-depart-une-histoire-personnelle\/#article","isPartOf":{"@id":"https:\/\/www.sgb-fss.ch\/fr\/aktuell\/perte-auditive-et-nouveau-depart-une-histoire-personnelle\/"},"author":{"name":"Yannick Schefer","@id":"https:\/\/www.sgb-fss.ch\/de\/#\/schema\/person\/41f0a3396bf5447a8dffaa3ba698c7f6"},"headline":"Perte auditive et nouveau d\u00e9part : une histoire personnelle","datePublished":"2026-04-28T13:39:42+00:00","dateModified":"2026-04-28T13:39:46+00:00","mainEntityOfPage":{"@id":"https:\/\/www.sgb-fss.ch\/fr\/aktuell\/perte-auditive-et-nouveau-depart-une-histoire-personnelle\/"},"wordCount":582,"image":{"@id":"https:\/\/www.sgb-fss.ch\/fr\/aktuell\/perte-auditive-et-nouveau-depart-une-histoire-personnelle\/#primaryimage"},"thumbnailUrl":"https:\/\/www.sgb-fss.ch\/content\/uploads\/\/interview_melanie_2-1024x1025.jpg","articleSection":["News"],"inLanguage":"fr-FR"},{"@type":"WebPage","@id":"https:\/\/www.sgb-fss.ch\/fr\/aktuell\/perte-auditive-et-nouveau-depart-une-histoire-personnelle\/","url":"https:\/\/www.sgb-fss.ch\/fr\/aktuell\/perte-auditive-et-nouveau-depart-une-histoire-personnelle\/","name":"Perte auditive et nouveau d\u00e9part : une histoire personnelle - SGB-FSS","isPartOf":{"@id":"https:\/\/www.sgb-fss.ch\/de\/#website"},"primaryImageOfPage":{"@id":"https:\/\/www.sgb-fss.ch\/fr\/aktuell\/perte-auditive-et-nouveau-depart-une-histoire-personnelle\/#primaryimage"},"image":{"@id":"https:\/\/www.sgb-fss.ch\/fr\/aktuell\/perte-auditive-et-nouveau-depart-une-histoire-personnelle\/#primaryimage"},"thumbnailUrl":"https:\/\/www.sgb-fss.ch\/content\/uploads\/\/interview_melanie_2-1024x1025.jpg","datePublished":"2026-04-28T13:39:42+00:00","dateModified":"2026-04-28T13:39:46+00:00","author":{"@id":"https:\/\/www.sgb-fss.ch\/de\/#\/schema\/person\/41f0a3396bf5447a8dffaa3ba698c7f6"},"breadcrumb":{"@id":"https:\/\/www.sgb-fss.ch\/fr\/aktuell\/perte-auditive-et-nouveau-depart-une-histoire-personnelle\/#breadcrumb"},"inLanguage":"fr-FR","potentialAction":[{"@type":"ReadAction","target":["https:\/\/www.sgb-fss.ch\/fr\/aktuell\/perte-auditive-et-nouveau-depart-une-histoire-personnelle\/"]}]},{"@type":"ImageObject","inLanguage":"fr-FR","@id":"https:\/\/www.sgb-fss.ch\/fr\/aktuell\/perte-auditive-et-nouveau-depart-une-histoire-personnelle\/#primaryimage","url":"https:\/\/www.sgb-fss.ch\/content\/uploads\/\/interview_melanie_2-1024x1025.jpg","contentUrl":"https:\/\/www.sgb-fss.ch\/content\/uploads\/\/interview_melanie_2-1024x1025.jpg"},{"@type":"BreadcrumbList","@id":"https:\/\/www.sgb-fss.ch\/fr\/aktuell\/perte-auditive-et-nouveau-depart-une-histoire-personnelle\/#breadcrumb","itemListElement":[{"@type":"ListItem","position":1,"name":"Home","item":"https:\/\/www.sgb-fss.ch\/fr\/"},{"@type":"ListItem","position":2,"name":"Perte auditive et nouveau d\u00e9part : une histoire personnelle"}]},{"@type":"WebSite","@id":"https:\/\/www.sgb-fss.ch\/de\/#website","url":"https:\/\/www.sgb-fss.ch\/de\/","name":"SGB-FSS","description":"","potentialAction":[{"@type":"SearchAction","target":{"@type":"EntryPoint","urlTemplate":"https:\/\/www.sgb-fss.ch\/de\/?s={search_term_string}"},"query-input":{"@type":"PropertyValueSpecification","valueRequired":true,"valueName":"search_term_string"}}],"inLanguage":"fr-FR"},{"@type":"Person","@id":"https:\/\/www.sgb-fss.ch\/de\/#\/schema\/person\/41f0a3396bf5447a8dffaa3ba698c7f6","name":"Yannick Schefer","image":{"@type":"ImageObject","inLanguage":"fr-FR","@id":"https:\/\/secure.gravatar.com\/avatar\/81add681f024323bc5dea526ff388b5f894a42ada29dc99aab7013b781d2e2a2?s=96&d=mm&r=g","url":"https:\/\/secure.gravatar.com\/avatar\/81add681f024323bc5dea526ff388b5f894a42ada29dc99aab7013b781d2e2a2?s=96&d=mm&r=g","contentUrl":"https:\/\/secure.gravatar.com\/avatar\/81add681f024323bc5dea526ff388b5f894a42ada29dc99aab7013b781d2e2a2?s=96&d=mm&r=g","caption":"Yannick Schefer"},"url":"https:\/\/www.sgb-fss.ch\/fr\/aktuell\/author\/yannik-schefer\/"}]}},"_links":{"self":[{"href":"https:\/\/www.sgb-fss.ch\/fr\/wp-json\/wp\/v2\/posts\/44720","targetHints":{"allow":["GET"]}}],"collection":[{"href":"https:\/\/www.sgb-fss.ch\/fr\/wp-json\/wp\/v2\/posts"}],"about":[{"href":"https:\/\/www.sgb-fss.ch\/fr\/wp-json\/wp\/v2\/types\/post"}],"author":[{"embeddable":true,"href":"https:\/\/www.sgb-fss.ch\/fr\/wp-json\/wp\/v2\/users\/81"}],"replies":[{"embeddable":true,"href":"https:\/\/www.sgb-fss.ch\/fr\/wp-json\/wp\/v2\/comments?post=44720"}],"version-history":[{"count":4,"href":"https:\/\/www.sgb-fss.ch\/fr\/wp-json\/wp\/v2\/posts\/44720\/revisions"}],"predecessor-version":[{"id":44844,"href":"https:\/\/www.sgb-fss.ch\/fr\/wp-json\/wp\/v2\/posts\/44720\/revisions\/44844"}],"wp:attachment":[{"href":"https:\/\/www.sgb-fss.ch\/fr\/wp-json\/wp\/v2\/media?parent=44720"}],"wp:term":[{"taxonomy":"category","embeddable":true,"href":"https:\/\/www.sgb-fss.ch\/fr\/wp-json\/wp\/v2\/categories?post=44720"},{"taxonomy":"post_tag","embeddable":true,"href":"https:\/\/www.sgb-fss.ch\/fr\/wp-json\/wp\/v2\/tags?post=44720"},{"taxonomy":"topic","embeddable":true,"href":"https:\/\/www.sgb-fss.ch\/fr\/wp-json\/wp\/v2\/topic?post=44720"}],"curies":[{"name":"wp","href":"https:\/\/api.w.org\/{rel}","templated":true}]}}