{"id":44713,"date":"2026-04-28T15:40:49","date_gmt":"2026-04-28T13:40:49","guid":{"rendered":"https:\/\/www.sgb-fss.ch\/?p=44713"},"modified":"2026-04-28T15:40:52","modified_gmt":"2026-04-28T13:40:52","slug":"hoerverlust-und-neuanfang-eine-persoenliche-geschichte","status":"publish","type":"post","link":"https:\/\/www.sgb-fss.ch\/de\/aktuell\/hoerverlust-und-neuanfang-eine-persoenliche-geschichte\/","title":{"rendered":"H\u00f6rverlust und Neuanfang: eine pers\u00f6nliche Geschichte"},"content":{"rendered":"\n<p class=\"is-style-lead\">M\u00e9lanie Augsburger, urspr\u00fcnglich aus Neuenburg, lebt in Dombresson und hat einen inspirierenden Lebensweg im Zusammenhang mit H\u00f6rverlust. Im Alter von 20 Jahren wurde bei ihr ein beidseitiger H\u00f6rverlust von 50 % diagnostiziert, der sich im Laufe der Jahre schrittweise verschlechterte. Lange Zeit lebte sie mit Scham und Angst im Umgang mit dieser Einschr\u00e4nkung und f\u00fchrte dennoch ihren Alltag und ihr Berufsleben mit gro\u00dfem Engagement weiter. Nach vollst\u00e4ndiger Ertaubung und zwei Cochlea-Implantaten befindet sie sich heute in einem intensiven Prozess des Wiedererlernens von H\u00f6ren und Sprache. Mit ihrem Buch <em>\u201eMeine Taubheit\u2026 willkommen in meiner Welt\u201c<\/em> m\u00f6chte sie f\u00fcr die Herausforderungen einer unsichtbaren Behinderung sensibilisieren und zu mehr Verst\u00e4ndnis beitragen.<\/p>\n\n\n\n<p>Im folgenden Interview erz\u00e4hlt M\u00e9lanie Augsburger von ihrem pers\u00f6nlichen Weg, den Herausforderungen ihres Alltags und ihrem Leben mit Cochlea-Implantaten.<\/p>\n\n\n\n<figure class=\"wp-block-image size-large\"><img loading=\"lazy\" decoding=\"async\" width=\"1024\" height=\"1025\" src=\"https:\/\/www.sgb-fss.ch\/content\/uploads\/interview_melanie_2-1024x1025.jpg\" alt=\"\" class=\"wp-image-44715\" srcset=\"https:\/\/www.sgb-fss.ch\/content\/uploads\/interview_melanie_2-1024x1025.jpg 1024w, https:\/\/www.sgb-fss.ch\/content\/uploads\/interview_melanie_2-300x300.jpg 300w, https:\/\/www.sgb-fss.ch\/content\/uploads\/interview_melanie_2-150x150.jpg 150w, https:\/\/www.sgb-fss.ch\/content\/uploads\/interview_melanie_2-768x769.jpg 768w, https:\/\/www.sgb-fss.ch\/content\/uploads\/interview_melanie_2-1536x1536.jpg 1536w, https:\/\/www.sgb-fss.ch\/content\/uploads\/interview_melanie_2-2046x2048.jpg 2046w, https:\/\/www.sgb-fss.ch\/content\/uploads\/interview_melanie_2-100x100.jpg 100w\" sizes=\"auto, (max-width: 1024px) 100vw, 1024px\" \/><\/figure>\n\n\n\n<p><strong>Sie haben ein Buch \u00fcber Ihre Erfahrungen als geh\u00f6rlose Person geschrieben \u2013 was hat Sie dazu motiviert?<\/strong><br>Als ich vollst\u00e4ndig ertaubte, f\u00fchlte ich mich dazu inspiriert, die Welt auf diese unsichtbare Behinderung aufmerksam zu machen, deren Komplexit\u00e4t H\u00f6rende oft nicht erkennen.<\/p>\n\n\n\n<p><strong>Wie hat Ihr H\u00f6rverlust konkret Ihren Alltag beeinflusst?<\/strong><br>Nach und nach habe ich mich von der Welt zur\u00fcckgezogen, meide Menschen und laute Umgebungen. Die Angst, nicht zu h\u00f6ren oder zu verstehen, belastet mich sehr.<\/p>\n\n\n\n<p><strong>Welche Situationen oder Hindernisse waren f\u00fcr Sie am schwierigsten?<\/strong><br>Ich denke, das Schlimmste begann mit COVID. Ich arbeite im Verkauf, im Empfang, mit st\u00e4ndigem Kundenkontakt. Masken und Plexiglas waren \u00fcberall \u2013 das war f\u00fcr mich der Beginn eines regelrechten Abstiegs. Zu dieser Zeit war mein H\u00f6rverlust bereits sehr stark und meine H\u00f6rger\u00e4te nicht mehr geeignet. Auch zu Hause mit meinen Kindern und meinem Partner wurde es sehr schwierig, und ich war zunehmend ersch\u00f6pft.<\/p>\n\n\n\n<p><strong>Wie kommunizieren Sie heute und was hilft Ihnen am meisten?<\/strong><br>Heute habe ich beidseitige Cochlea-Implantate, die Operation war ein voller Erfolg. Ich habe die besten Ergebnisse in der Schweiz und liege deutlich \u00fcber dem Durchschnitt. Trotzdem nutze ich weiterhin das Lippenlesen, was mir besonders in Gruppengespr\u00e4chen und in lauten Umgebungen sehr hilft.<\/p>\n\n\n\n<p><strong>Welche Kontakte haben Sie zu geh\u00f6rlosen Menschen?<\/strong><br>Seit ich mein Buch geschrieben habe, habe ich immer mehr Kontakt zu schwerh\u00f6rigen und geh\u00f6rlosen Menschen. Es tut mir sehr gut, verstanden und von Menschen \u201ewie mir\u201c unterst\u00fctzt zu werden.<\/p>\n\n\n\n<p><strong>K\u00f6nnen Sie sich vorstellen, die Geb\u00e4rdensprache zu lernen?<\/strong><br>Im Moment kann ich mich mit meinen Implantaten gut verst\u00e4ndigen, und niemand in meinem Umfeld nutzt Geb\u00e4rdensprache. Wenn es n\u00f6tig w\u00e4re, w\u00fcrde ich sie ohne Z\u00f6gern lernen und auch meinem Umfeld beibringen.<\/p>\n\n\n\n<p><strong>Welche Botschaft m\u00f6chten Sie anderen Menschen mit Ihrer Geschichte vermitteln?<\/strong><br>Trotz meiner sehr guten Ergebnisse bin ich mental extrem ersch\u00f6pft. Ich m\u00f6chte die breite \u00d6ffentlichkeit f\u00fcr diese wenig bekannte und unsichtbare Behinderung sensibilisieren, denn viele verstehen die Komplexit\u00e4t nicht. Ich denke, mein Buch beschreibt sehr gut alles, was mit Taubheit verbunden ist.<\/p>\n","protected":false},"excerpt":{"rendered":"<p>M\u00e9lanie Augsburger, urspr\u00fcnglich aus Neuenburg, lebt in Dombresson und hat einen inspirierenden Lebensweg im [&hellip;]<\/p>\n","protected":false},"author":81,"featured_media":0,"comment_status":"closed","ping_status":"closed","sticky":false,"template":"","format":"standard","meta":{"_acf_changed":false,"inline_featured_image":false,"footnotes":""},"categories":[1],"tags":[],"topic":[],"class_list":["post-44713","post","type-post","status-publish","format-standard","hentry","category-news"],"acf":[],"yoast_head":"<!-- This site is optimized with the Yoast SEO plugin v27.4 - https:\/\/yoast.com\/product\/yoast-seo-wordpress\/ -->\n<title>H\u00f6rverlust und Neuanfang: eine pers\u00f6nliche Geschichte - SGB-FSS<\/title>\n<meta name=\"robots\" content=\"index, follow, max-snippet:-1, max-image-preview:large, max-video-preview:-1\" \/>\n<link rel=\"canonical\" href=\"https:\/\/www.sgb-fss.ch\/de\/aktuell\/hoerverlust-und-neuanfang-eine-persoenliche-geschichte\/\" \/>\n<meta property=\"og:locale\" content=\"de_DE\" \/>\n<meta property=\"og:type\" content=\"article\" \/>\n<meta property=\"og:title\" content=\"H\u00f6rverlust und Neuanfang: eine pers\u00f6nliche Geschichte - SGB-FSS\" \/>\n<meta property=\"og:description\" content=\"M\u00e9lanie Augsburger, urspr\u00fcnglich aus Neuenburg, lebt in Dombresson und hat einen inspirierenden Lebensweg im [&hellip;]\" \/>\n<meta property=\"og:url\" content=\"https:\/\/www.sgb-fss.ch\/de\/aktuell\/hoerverlust-und-neuanfang-eine-persoenliche-geschichte\/\" \/>\n<meta property=\"og:site_name\" content=\"SGB-FSS\" \/>\n<meta property=\"article:published_time\" content=\"2026-04-28T13:40:49+00:00\" \/>\n<meta property=\"article:modified_time\" content=\"2026-04-28T13:40:52+00:00\" \/>\n<meta property=\"og:image\" content=\"https:\/\/www.sgb-fss.ch\/content\/uploads\/interview_melanie_2.jpg\" \/>\n\t<meta property=\"og:image:width\" content=\"2544\" \/>\n\t<meta property=\"og:image:height\" content=\"2546\" \/>\n\t<meta property=\"og:image:type\" content=\"image\/jpeg\" \/>\n<meta name=\"author\" content=\"Yannick Schefer\" \/>\n<meta name=\"twitter:card\" content=\"summary_large_image\" \/>\n<meta name=\"twitter:label1\" content=\"Geschrieben von\" \/>\n\t<meta name=\"twitter:data1\" content=\"Yannick Schefer\" \/>\n\t<meta name=\"twitter:label2\" content=\"Gesch\u00e4tzte Lesezeit\" \/>\n\t<meta name=\"twitter:data2\" content=\"3\u00a0Minuten\" \/>\n<script type=\"application\/ld+json\" class=\"yoast-schema-graph\">{\"@context\":\"https:\\\/\\\/schema.org\",\"@graph\":[{\"@type\":\"Article\",\"@id\":\"https:\\\/\\\/www.sgb-fss.ch\\\/de\\\/aktuell\\\/hoerverlust-und-neuanfang-eine-persoenliche-geschichte\\\/#article\",\"isPartOf\":{\"@id\":\"https:\\\/\\\/www.sgb-fss.ch\\\/de\\\/aktuell\\\/hoerverlust-und-neuanfang-eine-persoenliche-geschichte\\\/\"},\"author\":{\"name\":\"Yannick Schefer\",\"@id\":\"https:\\\/\\\/www.sgb-fss.ch\\\/de\\\/#\\\/schema\\\/person\\\/41f0a3396bf5447a8dffaa3ba698c7f6\"},\"headline\":\"H\u00f6rverlust und Neuanfang: eine pers\u00f6nliche Geschichte\",\"datePublished\":\"2026-04-28T13:40:49+00:00\",\"dateModified\":\"2026-04-28T13:40:52+00:00\",\"mainEntityOfPage\":{\"@id\":\"https:\\\/\\\/www.sgb-fss.ch\\\/de\\\/aktuell\\\/hoerverlust-und-neuanfang-eine-persoenliche-geschichte\\\/\"},\"wordCount\":507,\"image\":{\"@id\":\"https:\\\/\\\/www.sgb-fss.ch\\\/de\\\/aktuell\\\/hoerverlust-und-neuanfang-eine-persoenliche-geschichte\\\/#primaryimage\"},\"thumbnailUrl\":\"https:\\\/\\\/www.sgb-fss.ch\\\/content\\\/uploads\\\/interview_melanie_2-1024x1025.jpg\",\"articleSection\":[\"News\"],\"inLanguage\":\"de\"},{\"@type\":\"WebPage\",\"@id\":\"https:\\\/\\\/www.sgb-fss.ch\\\/de\\\/aktuell\\\/hoerverlust-und-neuanfang-eine-persoenliche-geschichte\\\/\",\"url\":\"https:\\\/\\\/www.sgb-fss.ch\\\/de\\\/aktuell\\\/hoerverlust-und-neuanfang-eine-persoenliche-geschichte\\\/\",\"name\":\"H\u00f6rverlust und Neuanfang: eine pers\u00f6nliche Geschichte - SGB-FSS\",\"isPartOf\":{\"@id\":\"https:\\\/\\\/www.sgb-fss.ch\\\/de\\\/#website\"},\"primaryImageOfPage\":{\"@id\":\"https:\\\/\\\/www.sgb-fss.ch\\\/de\\\/aktuell\\\/hoerverlust-und-neuanfang-eine-persoenliche-geschichte\\\/#primaryimage\"},\"image\":{\"@id\":\"https:\\\/\\\/www.sgb-fss.ch\\\/de\\\/aktuell\\\/hoerverlust-und-neuanfang-eine-persoenliche-geschichte\\\/#primaryimage\"},\"thumbnailUrl\":\"https:\\\/\\\/www.sgb-fss.ch\\\/content\\\/uploads\\\/interview_melanie_2-1024x1025.jpg\",\"datePublished\":\"2026-04-28T13:40:49+00:00\",\"dateModified\":\"2026-04-28T13:40:52+00:00\",\"author\":{\"@id\":\"https:\\\/\\\/www.sgb-fss.ch\\\/de\\\/#\\\/schema\\\/person\\\/41f0a3396bf5447a8dffaa3ba698c7f6\"},\"breadcrumb\":{\"@id\":\"https:\\\/\\\/www.sgb-fss.ch\\\/de\\\/aktuell\\\/hoerverlust-und-neuanfang-eine-persoenliche-geschichte\\\/#breadcrumb\"},\"inLanguage\":\"de\",\"potentialAction\":[{\"@type\":\"ReadAction\",\"target\":[\"https:\\\/\\\/www.sgb-fss.ch\\\/de\\\/aktuell\\\/hoerverlust-und-neuanfang-eine-persoenliche-geschichte\\\/\"]}]},{\"@type\":\"ImageObject\",\"inLanguage\":\"de\",\"@id\":\"https:\\\/\\\/www.sgb-fss.ch\\\/de\\\/aktuell\\\/hoerverlust-und-neuanfang-eine-persoenliche-geschichte\\\/#primaryimage\",\"url\":\"https:\\\/\\\/www.sgb-fss.ch\\\/content\\\/uploads\\\/interview_melanie_2-1024x1025.jpg\",\"contentUrl\":\"https:\\\/\\\/www.sgb-fss.ch\\\/content\\\/uploads\\\/interview_melanie_2-1024x1025.jpg\"},{\"@type\":\"BreadcrumbList\",\"@id\":\"https:\\\/\\\/www.sgb-fss.ch\\\/de\\\/aktuell\\\/hoerverlust-und-neuanfang-eine-persoenliche-geschichte\\\/#breadcrumb\",\"itemListElement\":[{\"@type\":\"ListItem\",\"position\":1,\"name\":\"Home\",\"item\":\"https:\\\/\\\/www.sgb-fss.ch\\\/de\\\/\"},{\"@type\":\"ListItem\",\"position\":2,\"name\":\"H\u00f6rverlust und Neuanfang: eine pers\u00f6nliche Geschichte\"}]},{\"@type\":\"WebSite\",\"@id\":\"https:\\\/\\\/www.sgb-fss.ch\\\/de\\\/#website\",\"url\":\"https:\\\/\\\/www.sgb-fss.ch\\\/de\\\/\",\"name\":\"SGB-FSS\",\"description\":\"\",\"potentialAction\":[{\"@type\":\"SearchAction\",\"target\":{\"@type\":\"EntryPoint\",\"urlTemplate\":\"https:\\\/\\\/www.sgb-fss.ch\\\/de\\\/?s={search_term_string}\"},\"query-input\":{\"@type\":\"PropertyValueSpecification\",\"valueRequired\":true,\"valueName\":\"search_term_string\"}}],\"inLanguage\":\"de\"},{\"@type\":\"Person\",\"@id\":\"https:\\\/\\\/www.sgb-fss.ch\\\/de\\\/#\\\/schema\\\/person\\\/41f0a3396bf5447a8dffaa3ba698c7f6\",\"name\":\"Yannick Schefer\",\"image\":{\"@type\":\"ImageObject\",\"inLanguage\":\"de\",\"@id\":\"https:\\\/\\\/secure.gravatar.com\\\/avatar\\\/81add681f024323bc5dea526ff388b5f894a42ada29dc99aab7013b781d2e2a2?s=96&d=mm&r=g\",\"url\":\"https:\\\/\\\/secure.gravatar.com\\\/avatar\\\/81add681f024323bc5dea526ff388b5f894a42ada29dc99aab7013b781d2e2a2?s=96&d=mm&r=g\",\"contentUrl\":\"https:\\\/\\\/secure.gravatar.com\\\/avatar\\\/81add681f024323bc5dea526ff388b5f894a42ada29dc99aab7013b781d2e2a2?s=96&d=mm&r=g\",\"caption\":\"Yannick Schefer\"},\"url\":\"https:\\\/\\\/www.sgb-fss.ch\\\/de\\\/aktuell\\\/author\\\/yannik-schefer\\\/\"}]}<\/script>\n<!-- \/ Yoast SEO plugin. -->","yoast_head_json":{"title":"H\u00f6rverlust und Neuanfang: eine pers\u00f6nliche Geschichte - SGB-FSS","robots":{"index":"index","follow":"follow","max-snippet":"max-snippet:-1","max-image-preview":"max-image-preview:large","max-video-preview":"max-video-preview:-1"},"canonical":"https:\/\/www.sgb-fss.ch\/de\/aktuell\/hoerverlust-und-neuanfang-eine-persoenliche-geschichte\/","og_locale":"de_DE","og_type":"article","og_title":"H\u00f6rverlust und Neuanfang: eine pers\u00f6nliche Geschichte - SGB-FSS","og_description":"M\u00e9lanie Augsburger, urspr\u00fcnglich aus Neuenburg, lebt in Dombresson und hat einen inspirierenden Lebensweg im [&hellip;]","og_url":"https:\/\/www.sgb-fss.ch\/de\/aktuell\/hoerverlust-und-neuanfang-eine-persoenliche-geschichte\/","og_site_name":"SGB-FSS","article_published_time":"2026-04-28T13:40:49+00:00","article_modified_time":"2026-04-28T13:40:52+00:00","og_image":[{"width":2544,"height":2546,"url":"https:\/\/www.sgb-fss.ch\/content\/uploads\/interview_melanie_2.jpg","type":"image\/jpeg"}],"author":"Yannick Schefer","twitter_card":"summary_large_image","twitter_misc":{"Geschrieben von":"Yannick Schefer","Gesch\u00e4tzte Lesezeit":"3\u00a0Minuten"},"schema":{"@context":"https:\/\/schema.org","@graph":[{"@type":"Article","@id":"https:\/\/www.sgb-fss.ch\/de\/aktuell\/hoerverlust-und-neuanfang-eine-persoenliche-geschichte\/#article","isPartOf":{"@id":"https:\/\/www.sgb-fss.ch\/de\/aktuell\/hoerverlust-und-neuanfang-eine-persoenliche-geschichte\/"},"author":{"name":"Yannick Schefer","@id":"https:\/\/www.sgb-fss.ch\/de\/#\/schema\/person\/41f0a3396bf5447a8dffaa3ba698c7f6"},"headline":"H\u00f6rverlust und Neuanfang: eine pers\u00f6nliche Geschichte","datePublished":"2026-04-28T13:40:49+00:00","dateModified":"2026-04-28T13:40:52+00:00","mainEntityOfPage":{"@id":"https:\/\/www.sgb-fss.ch\/de\/aktuell\/hoerverlust-und-neuanfang-eine-persoenliche-geschichte\/"},"wordCount":507,"image":{"@id":"https:\/\/www.sgb-fss.ch\/de\/aktuell\/hoerverlust-und-neuanfang-eine-persoenliche-geschichte\/#primaryimage"},"thumbnailUrl":"https:\/\/www.sgb-fss.ch\/content\/uploads\/interview_melanie_2-1024x1025.jpg","articleSection":["News"],"inLanguage":"de"},{"@type":"WebPage","@id":"https:\/\/www.sgb-fss.ch\/de\/aktuell\/hoerverlust-und-neuanfang-eine-persoenliche-geschichte\/","url":"https:\/\/www.sgb-fss.ch\/de\/aktuell\/hoerverlust-und-neuanfang-eine-persoenliche-geschichte\/","name":"H\u00f6rverlust und Neuanfang: eine pers\u00f6nliche Geschichte - SGB-FSS","isPartOf":{"@id":"https:\/\/www.sgb-fss.ch\/de\/#website"},"primaryImageOfPage":{"@id":"https:\/\/www.sgb-fss.ch\/de\/aktuell\/hoerverlust-und-neuanfang-eine-persoenliche-geschichte\/#primaryimage"},"image":{"@id":"https:\/\/www.sgb-fss.ch\/de\/aktuell\/hoerverlust-und-neuanfang-eine-persoenliche-geschichte\/#primaryimage"},"thumbnailUrl":"https:\/\/www.sgb-fss.ch\/content\/uploads\/interview_melanie_2-1024x1025.jpg","datePublished":"2026-04-28T13:40:49+00:00","dateModified":"2026-04-28T13:40:52+00:00","author":{"@id":"https:\/\/www.sgb-fss.ch\/de\/#\/schema\/person\/41f0a3396bf5447a8dffaa3ba698c7f6"},"breadcrumb":{"@id":"https:\/\/www.sgb-fss.ch\/de\/aktuell\/hoerverlust-und-neuanfang-eine-persoenliche-geschichte\/#breadcrumb"},"inLanguage":"de","potentialAction":[{"@type":"ReadAction","target":["https:\/\/www.sgb-fss.ch\/de\/aktuell\/hoerverlust-und-neuanfang-eine-persoenliche-geschichte\/"]}]},{"@type":"ImageObject","inLanguage":"de","@id":"https:\/\/www.sgb-fss.ch\/de\/aktuell\/hoerverlust-und-neuanfang-eine-persoenliche-geschichte\/#primaryimage","url":"https:\/\/www.sgb-fss.ch\/content\/uploads\/interview_melanie_2-1024x1025.jpg","contentUrl":"https:\/\/www.sgb-fss.ch\/content\/uploads\/interview_melanie_2-1024x1025.jpg"},{"@type":"BreadcrumbList","@id":"https:\/\/www.sgb-fss.ch\/de\/aktuell\/hoerverlust-und-neuanfang-eine-persoenliche-geschichte\/#breadcrumb","itemListElement":[{"@type":"ListItem","position":1,"name":"Home","item":"https:\/\/www.sgb-fss.ch\/de\/"},{"@type":"ListItem","position":2,"name":"H\u00f6rverlust und Neuanfang: eine pers\u00f6nliche Geschichte"}]},{"@type":"WebSite","@id":"https:\/\/www.sgb-fss.ch\/de\/#website","url":"https:\/\/www.sgb-fss.ch\/de\/","name":"SGB-FSS","description":"","potentialAction":[{"@type":"SearchAction","target":{"@type":"EntryPoint","urlTemplate":"https:\/\/www.sgb-fss.ch\/de\/?s={search_term_string}"},"query-input":{"@type":"PropertyValueSpecification","valueRequired":true,"valueName":"search_term_string"}}],"inLanguage":"de"},{"@type":"Person","@id":"https:\/\/www.sgb-fss.ch\/de\/#\/schema\/person\/41f0a3396bf5447a8dffaa3ba698c7f6","name":"Yannick Schefer","image":{"@type":"ImageObject","inLanguage":"de","@id":"https:\/\/secure.gravatar.com\/avatar\/81add681f024323bc5dea526ff388b5f894a42ada29dc99aab7013b781d2e2a2?s=96&d=mm&r=g","url":"https:\/\/secure.gravatar.com\/avatar\/81add681f024323bc5dea526ff388b5f894a42ada29dc99aab7013b781d2e2a2?s=96&d=mm&r=g","contentUrl":"https:\/\/secure.gravatar.com\/avatar\/81add681f024323bc5dea526ff388b5f894a42ada29dc99aab7013b781d2e2a2?s=96&d=mm&r=g","caption":"Yannick Schefer"},"url":"https:\/\/www.sgb-fss.ch\/de\/aktuell\/author\/yannik-schefer\/"}]}},"_links":{"self":[{"href":"https:\/\/www.sgb-fss.ch\/de\/wp-json\/wp\/v2\/posts\/44713","targetHints":{"allow":["GET"]}}],"collection":[{"href":"https:\/\/www.sgb-fss.ch\/de\/wp-json\/wp\/v2\/posts"}],"about":[{"href":"https:\/\/www.sgb-fss.ch\/de\/wp-json\/wp\/v2\/types\/post"}],"author":[{"embeddable":true,"href":"https:\/\/www.sgb-fss.ch\/de\/wp-json\/wp\/v2\/users\/81"}],"replies":[{"embeddable":true,"href":"https:\/\/www.sgb-fss.ch\/de\/wp-json\/wp\/v2\/comments?post=44713"}],"version-history":[{"count":3,"href":"https:\/\/www.sgb-fss.ch\/de\/wp-json\/wp\/v2\/posts\/44713\/revisions"}],"predecessor-version":[{"id":44785,"href":"https:\/\/www.sgb-fss.ch\/de\/wp-json\/wp\/v2\/posts\/44713\/revisions\/44785"}],"wp:attachment":[{"href":"https:\/\/www.sgb-fss.ch\/de\/wp-json\/wp\/v2\/media?parent=44713"}],"wp:term":[{"taxonomy":"category","embeddable":true,"href":"https:\/\/www.sgb-fss.ch\/de\/wp-json\/wp\/v2\/categories?post=44713"},{"taxonomy":"post_tag","embeddable":true,"href":"https:\/\/www.sgb-fss.ch\/de\/wp-json\/wp\/v2\/tags?post=44713"},{"taxonomy":"topic","embeddable":true,"href":"https:\/\/www.sgb-fss.ch\/de\/wp-json\/wp\/v2\/topic?post=44713"}],"curies":[{"name":"wp","href":"https:\/\/api.w.org\/{rel}","templated":true}]}}