{"id":1871,"date":"2021-03-30T09:28:37","date_gmt":"2021-03-30T07:28:37","guid":{"rendered":"https:\/\/www.sgb-fss.ch\/?p=1871"},"modified":"2026-02-11T13:50:40","modified_gmt":"2026-02-11T12:50:40","slug":"kurze-geschichte-der-gebaerdensprache","status":"publish","type":"post","link":"https:\/\/www.sgb-fss.ch\/de\/aktuell\/kurze-geschichte-der-gebaerdensprache\/","title":{"rendered":"Kurze Geschichte der Geb\u00e4rdensprache"},"content":{"rendered":"\n<p class=\"is-style-lead\">Von Sokrates bis Stokoe: Meilensteine aus der Geschichte der Geb\u00e4rdensprachen.<\/p>\n\n\n\n<figure class=\"wp-block-image alignwide size-large\"><img loading=\"lazy\" decoding=\"async\" width=\"999\" height=\"562\" src=\"https:\/\/www.sgb-fss.ch\/content\/uploads\/2021\/03\/1_3_schule.jpg\" alt=\"\" class=\"wp-image-1872\" srcset=\"https:\/\/www.sgb-fss.ch\/content\/uploads\/2021\/03\/1_3_schule.jpg 999w, https:\/\/www.sgb-fss.ch\/content\/uploads\/2021\/03\/1_3_schule-300x169.jpg 300w, https:\/\/www.sgb-fss.ch\/content\/uploads\/2021\/03\/1_3_schule-150x84.jpg 150w, https:\/\/www.sgb-fss.ch\/content\/uploads\/2021\/03\/1_3_schule-768x432.jpg 768w, https:\/\/www.sgb-fss.ch\/content\/uploads\/2021\/03\/1_3_schule-178x100.jpg 178w\" sizes=\"auto, (max-width: 999px) 100vw, 999px\" \/><figcaption class=\"wp-element-caption\">Adelige beobachten den Unterricht f\u00fcr geh\u00f6rlose Kinder in Frankreich.<\/figcaption><\/figure>\n\n\n\n<h2 class=\"wp-block-heading\">Antike<\/h2>\n\n\n\n<p>Philosophen wie Platon und Sokrates erw\u00e4hnen in ihren Schriften (Platon, Kratylos 422e\u2013423a.), dass geh\u00f6rlose Personen mit Geb\u00e4rden kommunizieren.<\/p>\n\n\n\n<h2 class=\"wp-block-heading\">4. Jahrhundert <\/h2>\n\n\n\n<p>Der heilige Hieronymus stellt fest, dass die Geh\u00f6rlosen mittels Geb\u00e4rden das Evangelium lernen k\u00f6nnen.<\/p>\n\n\n\n<h2 class=\"wp-block-heading\">16. Jahrhundert <\/h2>\n\n\n\n<p>In Spanien ver\u00f6ffentlicht der Franziskanerm\u00f6nch Melchior de Yerba das \u00e4lteste \u00fcberlieferte Fingeralphabet, und der Benediktinerm\u00f6nch Pedro Ponce de Leon berichtet als Erster \u00fcber die Ergebnisse seine Erziehung von geh\u00f6rlosen Kindern.<\/p>\n\n\n\n<h2 class=\"wp-block-heading\">18. Jahrhundert<\/h2>\n\n\n\n<p>In Frankreich gr\u00fcndet Abb\u00e9 de l\u2019Ep\u00e9e die erste Schule f\u00fcr geh\u00f6rlose Kinder, in der mit Geb\u00e4rden unterrichtet wird. 1817 gr\u00fcndet ein Sch\u00fcler des Abb\u00e9, Laurent Clerc, die erste Schule f\u00fcr Geh\u00f6rlose in Amerika.<\/p>\n\n\n\n<h2 class=\"wp-block-heading\">19. Jahrhundert <\/h2>\n\n\n\n<p>Beim sogenannten Mail\u00e4nder Kongress 1880 beschliessen (h\u00f6rende) P\u00e4dagogen die Geb\u00e4rdensprache in Europa zu verbieten. Die Lehrer konzentrieren sich darauf, den geh\u00f6rlosen Sch\u00fclern mit viel Qual das Sprechen beizubringen, statt ihnen Wissen zu vermitteln.<\/p>\n\n\n\n<h2 class=\"wp-block-heading\">20. Jahrhundert<\/h2>\n\n\n\n<p>Das Verbot der Geb\u00e4rdensprachen bleibt in Europa bis in die 1980er-Jahre bestehen, mit fatalen Folgen f\u00fcr geh\u00f6rlose Menschen. In Amerika hingegen beginnt sich die Sprachwissenschaft f\u00fcr Geb\u00e4rdensprachen zu interessieren. In den 1960er-Jahren zeigt William Stokoe, dass die amerikanische Geb\u00e4rdensprache eine eigene Grammatik und Struktur aufweist und als vollwertige Sprache angesehen werden kann.<\/p>\n\n\n<div class=\"wp-block-gallery\" data-init=\"gallery\">\n    <div class=\"blocks-gallery-close\">\n        <button type=\"button\" data-gallery=\"close\" class=\"wp-block-button is-style-control\" aria-label=\"Schliessen\">\n          <span class=\"wp-block-button__link\">\n            <span class=\"visuallyhidden\">Schliessen<\/span>\n            <i class=\"icon icon--close\"><svg data-name=\"Ebene 1\" xmlns=\"http:\/\/www.w3.org\/2000\/svg\" viewBox=\"0 0 24 24\"><path d=\"M13.33 12.05l.08-.09L23.6 1.77a.91.91 0 0 0 .27-.66.9.9 0 0 0-.27-.66.92.92 0 0 0-.66-.28.91.91 0 0 0-.66.28L12 10.72l-.09-.09L1.73.45A1 1 0 0 0 .4.45a.91.91 0 0 0-.28.66.92.92 0 0 0 .28.66l10.27 10.28-.08.08L.4 22.32a.94.94 0 0 0 0 1.33 1 1 0 0 0 1.33 0L12 13.37l.09.09 10.19 10.19a.94.94 0 0 0 .66.27 1 1 0 0 0 .66-.27.94.94 0 0 0 0-1.33z\"\/><\/svg><\/i>          <\/span>\n        <\/button>\n    <\/div>\n    <ul class=\"blocks-gallery-grid\" data-gallery=\"list\">\n                    <li class=\"blocks-gallery-item\" data-gallery=\"item\" data-gallery-index=\"1\">\n          <figure>\n              <div class=\"image blocks-gallery-image\" >\n    <img decoding=\"async\"\n      loading=\"lazy\"\n      class=\"image__object lazyload\"\n      src=\"https:\/\/www.sgb-fss.ch\/content\/uploads\/2021\/03\/1_3_verbreitung-gs-1-1440x0-c-default.jpg\"       data-sizes=\"auto\"\n      data-srcset=\"https:\/\/www.sgb-fss.ch\/content\/uploads\/2021\/03\/1_3_verbreitung-gs-1-2880x0-c-default.jpg 2880w, https:\/\/www.sgb-fss.ch\/content\/uploads\/2021\/03\/1_3_verbreitung-gs-1-2160x0-c-default.jpg 2160w, https:\/\/www.sgb-fss.ch\/content\/uploads\/2021\/03\/1_3_verbreitung-gs-1-1440x0-c-default.jpg 1440w, https:\/\/www.sgb-fss.ch\/content\/uploads\/2021\/03\/1_3_verbreitung-gs-1-1080x0-c-default.jpg 1080w, https:\/\/www.sgb-fss.ch\/content\/uploads\/2021\/03\/1_3_verbreitung-gs-1-720x0-c-default.jpg 720w, \"\n      alt=\"\"\n      width=\"2186\"\n      height=\"2186\"\n              data-gallery-index=\"1\"\n            >\n  <\/div>\n            <figcaption class=\"blocks-gallery-caption\"><p>Verbreitung der Geb\u00e4rdensprachen<\/p>\n<\/figcaption>          <\/figure>\n        <\/li>\n                    <li class=\"blocks-gallery-item\" data-gallery=\"item\" data-gallery-index=\"2\">\n          <figure>\n              <div class=\"image blocks-gallery-image\" >\n    <img decoding=\"async\"\n      loading=\"lazy\"\n      class=\"image__object lazyload\"\n      src=\"https:\/\/www.sgb-fss.ch\/content\/uploads\/2021\/03\/1_3_abbe-de-lepee-1440x0-c-default.jpg\"       data-sizes=\"auto\"\n      data-srcset=\"https:\/\/www.sgb-fss.ch\/content\/uploads\/2021\/03\/1_3_abbe-de-lepee-2880x0-c-default.jpg 2880w, https:\/\/www.sgb-fss.ch\/content\/uploads\/2021\/03\/1_3_abbe-de-lepee-2160x0-c-default.jpg 2160w, https:\/\/www.sgb-fss.ch\/content\/uploads\/2021\/03\/1_3_abbe-de-lepee-1440x0-c-default.jpg 1440w, https:\/\/www.sgb-fss.ch\/content\/uploads\/2021\/03\/1_3_abbe-de-lepee-1080x0-c-default.jpg 1080w, https:\/\/www.sgb-fss.ch\/content\/uploads\/2021\/03\/1_3_abbe-de-lepee-720x0-c-default.jpg 720w, \"\n      alt=\"\"\n      width=\"2422\"\n      height=\"2422\"\n              data-gallery-index=\"2\"\n            >\n  <\/div>\n            <figcaption class=\"blocks-gallery-caption\"><p>Abb\u00e9 de l\u2019Epp\u00e9e<\/p>\n<\/figcaption>          <\/figure>\n        <\/li>\n        <\/ul>\n<\/div>\n\n\n<div class=\"block block-teaserpages\" id=\"block_6af1821dbeb5a594cb664bb1e6285a9f\" data-block=\"Teaser Pages\">\n  <ul class=\"block-teaserpages__list\">\n    <\/ul>\n<\/div>\n","protected":false},"excerpt":{"rendered":"<p>Meilensteine aus der Geschichte der Geb\u00e4rdensprachen.<\/p>\n","protected":false},"author":40,"featured_media":1879,"comment_status":"closed","ping_status":"closed","sticky":false,"template":"","format":"standard","meta":{"_acf_changed":false,"inline_featured_image":false,"footnotes":""},"categories":[56],"tags":[191,223],"topic":[38],"class_list":["post-1871","post","type-post","status-publish","format-standard","has-post-thumbnail","hentry","category-information","tag-geschichte","tag-sgb-fss-2","topic-gebaerdensprache"],"acf":[],"yoast_head":"<!-- This site is optimized with the Yoast SEO plugin v27.4 - https:\/\/yoast.com\/product\/yoast-seo-wordpress\/ -->\n<title>Kurze Geschichte der Geb\u00e4rdensprache - SGB-FSS<\/title>\n<meta name=\"robots\" content=\"index, follow, max-snippet:-1, max-image-preview:large, max-video-preview:-1\" \/>\n<link rel=\"canonical\" href=\"https:\/\/www.sgb-fss.ch\/de\/aktuell\/kurze-geschichte-der-gebaerdensprache\/\" \/>\n<meta property=\"og:locale\" content=\"de_DE\" \/>\n<meta property=\"og:type\" content=\"article\" \/>\n<meta property=\"og:title\" content=\"Kurze Geschichte der Geb\u00e4rdensprache - SGB-FSS\" \/>\n<meta property=\"og:description\" content=\"Meilensteine aus der Geschichte der Geb\u00e4rdensprachen.\" \/>\n<meta property=\"og:url\" content=\"https:\/\/www.sgb-fss.ch\/de\/aktuell\/kurze-geschichte-der-gebaerdensprache\/\" \/>\n<meta property=\"og:site_name\" content=\"SGB-FSS\" \/>\n<meta property=\"article:published_time\" content=\"2021-03-30T07:28:37+00:00\" \/>\n<meta property=\"article:modified_time\" content=\"2026-02-11T12:50:40+00:00\" \/>\n<meta property=\"og:image\" content=\"https:\/\/www.sgb-fss.ch\/content\/uploads\/2021\/03\/1_3_abbe-de-lepee-1024x1024.jpg\" \/>\n\t<meta property=\"og:image:width\" content=\"1024\" \/>\n\t<meta property=\"og:image:height\" content=\"1024\" \/>\n\t<meta property=\"og:image:type\" content=\"image\/jpeg\" \/>\n<meta name=\"author\" content=\"Kim Danaci\" \/>\n<meta name=\"twitter:card\" content=\"summary_large_image\" \/>\n<meta name=\"twitter:label1\" content=\"Geschrieben von\" \/>\n\t<meta name=\"twitter:data1\" content=\"Kim Danaci\" \/>\n\t<meta name=\"twitter:label2\" content=\"Gesch\u00e4tzte Lesezeit\" \/>\n\t<meta name=\"twitter:data2\" content=\"2\u00a0Minuten\" \/>\n<script type=\"application\/ld+json\" class=\"yoast-schema-graph\">{\"@context\":\"https:\\\/\\\/schema.org\",\"@graph\":[{\"@type\":\"Article\",\"@id\":\"https:\\\/\\\/www.sgb-fss.ch\\\/de\\\/aktuell\\\/kurze-geschichte-der-gebaerdensprache\\\/#article\",\"isPartOf\":{\"@id\":\"https:\\\/\\\/www.sgb-fss.ch\\\/de\\\/aktuell\\\/kurze-geschichte-der-gebaerdensprache\\\/\"},\"author\":{\"name\":\"Kim Danaci\",\"@id\":\"https:\\\/\\\/www.sgb-fss.ch\\\/de\\\/#\\\/schema\\\/person\\\/8cb2dced310426b7b8d346f608a2f6b7\"},\"headline\":\"Kurze Geschichte der Geb\u00e4rdensprache\",\"datePublished\":\"2021-03-30T07:28:37+00:00\",\"dateModified\":\"2026-02-11T12:50:40+00:00\",\"mainEntityOfPage\":{\"@id\":\"https:\\\/\\\/www.sgb-fss.ch\\\/de\\\/aktuell\\\/kurze-geschichte-der-gebaerdensprache\\\/\"},\"wordCount\":244,\"image\":{\"@id\":\"https:\\\/\\\/www.sgb-fss.ch\\\/de\\\/aktuell\\\/kurze-geschichte-der-gebaerdensprache\\\/#primaryimage\"},\"thumbnailUrl\":\"https:\\\/\\\/www.sgb-fss.ch\\\/content\\\/uploads\\\/2021\\\/03\\\/1_3_abbe-de-lepee.jpg\",\"keywords\":[\"Geschichte\",\"SGB-FSS\"],\"articleSection\":[\"Information\"],\"inLanguage\":\"de\"},{\"@type\":\"WebPage\",\"@id\":\"https:\\\/\\\/www.sgb-fss.ch\\\/de\\\/aktuell\\\/kurze-geschichte-der-gebaerdensprache\\\/\",\"url\":\"https:\\\/\\\/www.sgb-fss.ch\\\/de\\\/aktuell\\\/kurze-geschichte-der-gebaerdensprache\\\/\",\"name\":\"Kurze Geschichte der Geb\u00e4rdensprache - SGB-FSS\",\"isPartOf\":{\"@id\":\"https:\\\/\\\/www.sgb-fss.ch\\\/de\\\/#website\"},\"primaryImageOfPage\":{\"@id\":\"https:\\\/\\\/www.sgb-fss.ch\\\/de\\\/aktuell\\\/kurze-geschichte-der-gebaerdensprache\\\/#primaryimage\"},\"image\":{\"@id\":\"https:\\\/\\\/www.sgb-fss.ch\\\/de\\\/aktuell\\\/kurze-geschichte-der-gebaerdensprache\\\/#primaryimage\"},\"thumbnailUrl\":\"https:\\\/\\\/www.sgb-fss.ch\\\/content\\\/uploads\\\/2021\\\/03\\\/1_3_abbe-de-lepee.jpg\",\"datePublished\":\"2021-03-30T07:28:37+00:00\",\"dateModified\":\"2026-02-11T12:50:40+00:00\",\"author\":{\"@id\":\"https:\\\/\\\/www.sgb-fss.ch\\\/de\\\/#\\\/schema\\\/person\\\/8cb2dced310426b7b8d346f608a2f6b7\"},\"breadcrumb\":{\"@id\":\"https:\\\/\\\/www.sgb-fss.ch\\\/de\\\/aktuell\\\/kurze-geschichte-der-gebaerdensprache\\\/#breadcrumb\"},\"inLanguage\":\"de\",\"potentialAction\":[{\"@type\":\"ReadAction\",\"target\":[\"https:\\\/\\\/www.sgb-fss.ch\\\/de\\\/aktuell\\\/kurze-geschichte-der-gebaerdensprache\\\/\"]}]},{\"@type\":\"ImageObject\",\"inLanguage\":\"de\",\"@id\":\"https:\\\/\\\/www.sgb-fss.ch\\\/de\\\/aktuell\\\/kurze-geschichte-der-gebaerdensprache\\\/#primaryimage\",\"url\":\"https:\\\/\\\/www.sgb-fss.ch\\\/content\\\/uploads\\\/2021\\\/03\\\/1_3_abbe-de-lepee.jpg\",\"contentUrl\":\"https:\\\/\\\/www.sgb-fss.ch\\\/content\\\/uploads\\\/2021\\\/03\\\/1_3_abbe-de-lepee.jpg\",\"width\":2422,\"height\":2422},{\"@type\":\"BreadcrumbList\",\"@id\":\"https:\\\/\\\/www.sgb-fss.ch\\\/de\\\/aktuell\\\/kurze-geschichte-der-gebaerdensprache\\\/#breadcrumb\",\"itemListElement\":[{\"@type\":\"ListItem\",\"position\":1,\"name\":\"Home\",\"item\":\"https:\\\/\\\/www.sgb-fss.ch\\\/de\\\/\"},{\"@type\":\"ListItem\",\"position\":2,\"name\":\"Kurze Geschichte der Geb\u00e4rdensprache\"}]},{\"@type\":\"WebSite\",\"@id\":\"https:\\\/\\\/www.sgb-fss.ch\\\/de\\\/#website\",\"url\":\"https:\\\/\\\/www.sgb-fss.ch\\\/de\\\/\",\"name\":\"SGB-FSS\",\"description\":\"\",\"potentialAction\":[{\"@type\":\"SearchAction\",\"target\":{\"@type\":\"EntryPoint\",\"urlTemplate\":\"https:\\\/\\\/www.sgb-fss.ch\\\/de\\\/?s={search_term_string}\"},\"query-input\":{\"@type\":\"PropertyValueSpecification\",\"valueRequired\":true,\"valueName\":\"search_term_string\"}}],\"inLanguage\":\"de\"},{\"@type\":\"Person\",\"@id\":\"https:\\\/\\\/www.sgb-fss.ch\\\/de\\\/#\\\/schema\\\/person\\\/8cb2dced310426b7b8d346f608a2f6b7\",\"name\":\"Kim Danaci\",\"image\":{\"@type\":\"ImageObject\",\"inLanguage\":\"de\",\"@id\":\"https:\\\/\\\/secure.gravatar.com\\\/avatar\\\/e59d5cc30261d8c8c527fa1a69246b0a21659557096f77678a383deb42f93005?s=96&d=mm&r=g\",\"url\":\"https:\\\/\\\/secure.gravatar.com\\\/avatar\\\/e59d5cc30261d8c8c527fa1a69246b0a21659557096f77678a383deb42f93005?s=96&d=mm&r=g\",\"contentUrl\":\"https:\\\/\\\/secure.gravatar.com\\\/avatar\\\/e59d5cc30261d8c8c527fa1a69246b0a21659557096f77678a383deb42f93005?s=96&d=mm&r=g\",\"caption\":\"Kim Danaci\"},\"url\":\"https:\\\/\\\/www.sgb-fss.ch\\\/de\\\/aktuell\\\/author\\\/kim-danaci\\\/\"}]}<\/script>\n<!-- \/ Yoast SEO plugin. -->","yoast_head_json":{"title":"Kurze Geschichte der Geb\u00e4rdensprache - SGB-FSS","robots":{"index":"index","follow":"follow","max-snippet":"max-snippet:-1","max-image-preview":"max-image-preview:large","max-video-preview":"max-video-preview:-1"},"canonical":"https:\/\/www.sgb-fss.ch\/de\/aktuell\/kurze-geschichte-der-gebaerdensprache\/","og_locale":"de_DE","og_type":"article","og_title":"Kurze Geschichte der Geb\u00e4rdensprache - SGB-FSS","og_description":"Meilensteine aus der Geschichte der Geb\u00e4rdensprachen.","og_url":"https:\/\/www.sgb-fss.ch\/de\/aktuell\/kurze-geschichte-der-gebaerdensprache\/","og_site_name":"SGB-FSS","article_published_time":"2021-03-30T07:28:37+00:00","article_modified_time":"2026-02-11T12:50:40+00:00","og_image":[{"width":1024,"height":1024,"url":"https:\/\/www.sgb-fss.ch\/content\/uploads\/2021\/03\/1_3_abbe-de-lepee-1024x1024.jpg","type":"image\/jpeg"}],"author":"Kim Danaci","twitter_card":"summary_large_image","twitter_misc":{"Geschrieben von":"Kim Danaci","Gesch\u00e4tzte Lesezeit":"2\u00a0Minuten"},"schema":{"@context":"https:\/\/schema.org","@graph":[{"@type":"Article","@id":"https:\/\/www.sgb-fss.ch\/de\/aktuell\/kurze-geschichte-der-gebaerdensprache\/#article","isPartOf":{"@id":"https:\/\/www.sgb-fss.ch\/de\/aktuell\/kurze-geschichte-der-gebaerdensprache\/"},"author":{"name":"Kim Danaci","@id":"https:\/\/www.sgb-fss.ch\/de\/#\/schema\/person\/8cb2dced310426b7b8d346f608a2f6b7"},"headline":"Kurze Geschichte der Geb\u00e4rdensprache","datePublished":"2021-03-30T07:28:37+00:00","dateModified":"2026-02-11T12:50:40+00:00","mainEntityOfPage":{"@id":"https:\/\/www.sgb-fss.ch\/de\/aktuell\/kurze-geschichte-der-gebaerdensprache\/"},"wordCount":244,"image":{"@id":"https:\/\/www.sgb-fss.ch\/de\/aktuell\/kurze-geschichte-der-gebaerdensprache\/#primaryimage"},"thumbnailUrl":"https:\/\/www.sgb-fss.ch\/content\/uploads\/2021\/03\/1_3_abbe-de-lepee.jpg","keywords":["Geschichte","SGB-FSS"],"articleSection":["Information"],"inLanguage":"de"},{"@type":"WebPage","@id":"https:\/\/www.sgb-fss.ch\/de\/aktuell\/kurze-geschichte-der-gebaerdensprache\/","url":"https:\/\/www.sgb-fss.ch\/de\/aktuell\/kurze-geschichte-der-gebaerdensprache\/","name":"Kurze Geschichte der Geb\u00e4rdensprache - SGB-FSS","isPartOf":{"@id":"https:\/\/www.sgb-fss.ch\/de\/#website"},"primaryImageOfPage":{"@id":"https:\/\/www.sgb-fss.ch\/de\/aktuell\/kurze-geschichte-der-gebaerdensprache\/#primaryimage"},"image":{"@id":"https:\/\/www.sgb-fss.ch\/de\/aktuell\/kurze-geschichte-der-gebaerdensprache\/#primaryimage"},"thumbnailUrl":"https:\/\/www.sgb-fss.ch\/content\/uploads\/2021\/03\/1_3_abbe-de-lepee.jpg","datePublished":"2021-03-30T07:28:37+00:00","dateModified":"2026-02-11T12:50:40+00:00","author":{"@id":"https:\/\/www.sgb-fss.ch\/de\/#\/schema\/person\/8cb2dced310426b7b8d346f608a2f6b7"},"breadcrumb":{"@id":"https:\/\/www.sgb-fss.ch\/de\/aktuell\/kurze-geschichte-der-gebaerdensprache\/#breadcrumb"},"inLanguage":"de","potentialAction":[{"@type":"ReadAction","target":["https:\/\/www.sgb-fss.ch\/de\/aktuell\/kurze-geschichte-der-gebaerdensprache\/"]}]},{"@type":"ImageObject","inLanguage":"de","@id":"https:\/\/www.sgb-fss.ch\/de\/aktuell\/kurze-geschichte-der-gebaerdensprache\/#primaryimage","url":"https:\/\/www.sgb-fss.ch\/content\/uploads\/2021\/03\/1_3_abbe-de-lepee.jpg","contentUrl":"https:\/\/www.sgb-fss.ch\/content\/uploads\/2021\/03\/1_3_abbe-de-lepee.jpg","width":2422,"height":2422},{"@type":"BreadcrumbList","@id":"https:\/\/www.sgb-fss.ch\/de\/aktuell\/kurze-geschichte-der-gebaerdensprache\/#breadcrumb","itemListElement":[{"@type":"ListItem","position":1,"name":"Home","item":"https:\/\/www.sgb-fss.ch\/de\/"},{"@type":"ListItem","position":2,"name":"Kurze Geschichte der Geb\u00e4rdensprache"}]},{"@type":"WebSite","@id":"https:\/\/www.sgb-fss.ch\/de\/#website","url":"https:\/\/www.sgb-fss.ch\/de\/","name":"SGB-FSS","description":"","potentialAction":[{"@type":"SearchAction","target":{"@type":"EntryPoint","urlTemplate":"https:\/\/www.sgb-fss.ch\/de\/?s={search_term_string}"},"query-input":{"@type":"PropertyValueSpecification","valueRequired":true,"valueName":"search_term_string"}}],"inLanguage":"de"},{"@type":"Person","@id":"https:\/\/www.sgb-fss.ch\/de\/#\/schema\/person\/8cb2dced310426b7b8d346f608a2f6b7","name":"Kim Danaci","image":{"@type":"ImageObject","inLanguage":"de","@id":"https:\/\/secure.gravatar.com\/avatar\/e59d5cc30261d8c8c527fa1a69246b0a21659557096f77678a383deb42f93005?s=96&d=mm&r=g","url":"https:\/\/secure.gravatar.com\/avatar\/e59d5cc30261d8c8c527fa1a69246b0a21659557096f77678a383deb42f93005?s=96&d=mm&r=g","contentUrl":"https:\/\/secure.gravatar.com\/avatar\/e59d5cc30261d8c8c527fa1a69246b0a21659557096f77678a383deb42f93005?s=96&d=mm&r=g","caption":"Kim Danaci"},"url":"https:\/\/www.sgb-fss.ch\/de\/aktuell\/author\/kim-danaci\/"}]}},"_links":{"self":[{"href":"https:\/\/www.sgb-fss.ch\/de\/wp-json\/wp\/v2\/posts\/1871","targetHints":{"allow":["GET"]}}],"collection":[{"href":"https:\/\/www.sgb-fss.ch\/de\/wp-json\/wp\/v2\/posts"}],"about":[{"href":"https:\/\/www.sgb-fss.ch\/de\/wp-json\/wp\/v2\/types\/post"}],"author":[{"embeddable":true,"href":"https:\/\/www.sgb-fss.ch\/de\/wp-json\/wp\/v2\/users\/40"}],"replies":[{"embeddable":true,"href":"https:\/\/www.sgb-fss.ch\/de\/wp-json\/wp\/v2\/comments?post=1871"}],"version-history":[{"count":2,"href":"https:\/\/www.sgb-fss.ch\/de\/wp-json\/wp\/v2\/posts\/1871\/revisions"}],"predecessor-version":[{"id":43850,"href":"https:\/\/www.sgb-fss.ch\/de\/wp-json\/wp\/v2\/posts\/1871\/revisions\/43850"}],"wp:featuredmedia":[{"embeddable":true,"href":"https:\/\/www.sgb-fss.ch\/de\/wp-json\/wp\/v2\/media\/1879"}],"wp:attachment":[{"href":"https:\/\/www.sgb-fss.ch\/de\/wp-json\/wp\/v2\/media?parent=1871"}],"wp:term":[{"taxonomy":"category","embeddable":true,"href":"https:\/\/www.sgb-fss.ch\/de\/wp-json\/wp\/v2\/categories?post=1871"},{"taxonomy":"post_tag","embeddable":true,"href":"https:\/\/www.sgb-fss.ch\/de\/wp-json\/wp\/v2\/tags?post=1871"},{"taxonomy":"topic","embeddable":true,"href":"https:\/\/www.sgb-fss.ch\/de\/wp-json\/wp\/v2\/topic?post=1871"}],"curies":[{"name":"wp","href":"https:\/\/api.w.org\/{rel}","templated":true}]}}